{"id":435,"date":"2016-02-27T13:20:31","date_gmt":"2016-02-27T11:20:31","guid":{"rendered":"http:\/\/yarimada.gen.tr\/?p=435"},"modified":"2016-02-27T13:22:40","modified_gmt":"2016-02-27T11:22:40","slug":"bir-agac-gibi-tek-ve-hur-ve-bir-orman-gibi-kardescesine-debian","status":"publish","type":"post","link":"http:\/\/yarimada.gen.tr\/?p=435","title":{"rendered":"Bir a\u011fa\u00e7 gibi tek ve h\u00fcr ve bir orman gibi karde\u015f\u00e7esine: Debian"},"content":{"rendered":"<p>Debian GNU\/Linux da\u011f\u0131t\u0131m\u0131n\u0131n kurucusu Ian Murdock 28 Aral\u0131k 2015&#8217;te, 42 ya\u015f\u0131nda aram\u0131zdan ayr\u0131ld\u0131. \u00d6l\u00fcm nedeni hakk\u0131nda fazla bilgi sahibi de\u011filim. Sadece San Francisco&#8217;da ya\u015fayan Ian Murdock&#8217;un polis \u015fiddetine maruz kald\u0131\u011f\u0131n\u0131 ve sonras\u0131nda intihar etti\u011fini biliyorum (<a href=\"http:\/\/techaeris.com\/2015\/12\/28\/debian-founder-ian-murdocks-tweets-raising-eyebrows\/\">http:\/\/techaeris.com\/2015\/12\/28\/debian-founder-ian-murdocks-tweets-raising-eyebrows\/<\/a>). Ian Murdock bir Steve Jobs de\u011fildi. \u00d6l\u00fcm\u00fcn\u00fcn o kadar haber de\u011feri yoktu. Okullarda onun i\u00e7in anma t\u00f6renleri de d\u00fczenlenmedi (bkz. <a href=\"http:\/\/www.kartalgazetesi.com\/15679-ahmet-simsek-koleji-teknoloji-kulubu-mr-steve-jobs%E2%80%99u-anma-toreni-duzenledi\">http:\/\/www.kartalgazetesi.com\/15679-ahmet-simsek-koleji-teknoloji-kulubu-mr-steve-jobs%E2%80%99u-anma-toreni-duzenledi<\/a>). GNU\/Linux&#8217;u biraz duymu\u015f olanlar i\u00e7inse Ian Murdock sadece y\u00fczlerce da\u011f\u0131t\u0131mdan biri olan Debian&#8217;\u0131n kurucusuydu.<\/p>\n<p><!--more--><\/p>\n<p>Bill Gates, Steve Jobs, Richard Stallman, Linus Torvalds, Larry Page, Sergey Brin, Mark Zuckerberg ve Ian Murdock. Her biri eylemleriyle bili\u015fim teknolojilerine ayr\u0131 bir y\u00f6n verdi. Bu isimlerden herhangi biri olmasayd\u0131 muhtemelen bilgisayar ve internet farkl\u0131 bir y\u00f6nde geli\u015fim g\u00f6sterecekti. Bill Gates, kapitalizmin genel e\u011filimine uygun bir bi\u00e7imde yaz\u0131l\u0131m\u0131 metala\u015ft\u0131rmaya \u00e7al\u0131\u015ft\u0131. Metala\u015fma, Richard Stallman&#8217;\u0131n \u00e7al\u0131\u015ft\u0131\u011f\u0131 laboratuvar\u0131n kap\u0131s\u0131n\u0131 \u00e7ald\u0131\u011f\u0131nda ve al\u0131\u015ft\u0131\u011f\u0131 hayat\u0131 parampar\u00e7a etti\u011finde Richard Stallman metala\u015fman\u0131n bir par\u00e7as\u0131 olmay\u0131 de\u011fil, GNU projesini ba\u015flatarak m\u00fccadeleyi tercih etti. Linus Torvalds GNU yaz\u0131l\u0131mlar\u0131n\u0131 kullanarak bir i\u015fletim sistemi geli\u015ftirmeyi denerken b\u00fcy\u00fck UNIX \u015firketlerine ya da Microsoft&#8217;a meydan okumak akl\u0131n\u0131n ucundan bile ge\u00e7miyordu. Ama Linus Torvalds, Linux&#8217;u geli\u015ftirmemi\u015f olsayd\u0131 sunucular\u0131nda bundan faydalanan bir\u00e7ok \u015firket gibi Google da kurulamayacakt\u0131. Peki Ian Murdock&#8217;\u0131n ve kurucusu oldu\u011fu Debian&#8217;\u0131n bili\u015fim teknolojileri tarihindeki yeri ne?<\/p>\n<p>\u00d6ncelikle Debian&#8217;\u0131n herhangi bir GNU\/Linux da\u011f\u0131t\u0131m\u0131 olmad\u0131\u011f\u0131n\u0131 belirtmem gerekiyor. Da\u011f\u0131t\u0131mlar, \u201cGNU yaz\u0131l\u0131mlar\u0131n\u0131 ve di\u011fer \u00f6zg\u00fcr yaz\u0131l\u0131mlar\u0131 bir araya getiren ve t\u00fcm bunlar\u0131 bir Linux \u00e7ekirde\u011fi ile beraber toplu, derlenmi\u015f ve kurulumu kolay bir i\u015fletim sistemi olarak kullan\u0131c\u0131lara sunmay\u0131 ama\u00e7lam\u0131\u015f olan yaz\u0131l\u0131m birliktelikleri\u201ddir (bkz. <a href=\"https:\/\/linux.org.tr\/dagitimlar-kilavuzu\/\">https:\/\/linux.org.tr\/dagitimlar-kilavuzu\/<\/a>) . Da\u011f\u0131t\u0131mlar\u0131n bile\u015fenleri a\u015fa\u011f\u0131 yukar\u0131 ayn\u0131d\u0131r: Linux \u00e7ekirde\u011fi, masa\u00fcst\u00fc ortam\u0131, kelime i\u015flem programlar\u0131, web taray\u0131c\u0131lar ve sistemi y\u00f6netmek i\u00e7in \u00e7e\u015fitli yap\u0131land\u0131rma ve g\u00fcncelleme ara\u00e7lar\u0131. Da\u011f\u0131t\u0131mlar\u0131 farkl\u0131la\u015ft\u0131ran ise bazen hedef kitleleri bazen de \u00f6ncelikleri dolay\u0131s\u0131yla yapt\u0131klar\u0131 tercihler ve bu do\u011frultuda i\u015fletim sisteminde yapt\u0131klar\u0131 ek d\u00fczenlemelerdir. \u00d6rne\u011fin, Mint (<a href=\"https:\/\/www.mint.com\/\">https:\/\/www.mint.com\/<\/a>) da\u011f\u0131t\u0131m\u0131nda hedef kurulum ve kullan\u0131m kolayl\u0131\u011f\u0131 oldu\u011fundan kullan\u0131c\u0131n\u0131n kafas\u0131n\u0131 kar\u0131\u015ft\u0131rmamak i\u00e7in baz\u0131 kararlar kullan\u0131c\u0131 yerine da\u011f\u0131t\u0131m\u0131 haz\u0131rlayanlarca al\u0131nm\u0131\u015ft\u0131r. B\u00f6ylece acemi bir kullan\u0131c\u0131 bile i\u015fletim sistemini h\u0131zla kurup kullanmaya ba\u015flayacakt\u0131r. \u0130leri d\u00fczey kullan\u0131c\u0131lar\u0131n gereksinimleri farkl\u0131 olabilir; \u00f6rne\u011fin i\u015fletim sistemini kulland\u0131\u011f\u0131 donan\u0131ma g\u00f6re optimize etmek ve bilgisayar\u0131 en ince ayr\u0131nt\u0131s\u0131na kadar yap\u0131land\u0131rmak istiyorsa Gentoo&#8217;yu (<a href=\"https:\/\/www.gentoo.org\/\">https:\/\/www.gentoo.org\/<\/a>) tercih edecektir. Kullan\u0131c\u0131 d\u00fczeyinin yan\u0131 s\u0131ra farkl\u0131 gereksinimler i\u00e7in \u00f6zelle\u015ftirilmi\u015f da\u011f\u0131t\u0131mlar da vard\u0131r: G\u00fcvenlik uygulamalar\u0131 i\u00e7in Tails (<a href=\"https:\/\/tails.boum.org\/\">https:\/\/tails.boum.org\/<\/a>), g\u00f6rme engelliler i\u00e7in Vinux (<a href=\"http:\/\/vinuxproject.org\/\">http:\/\/vinuxproject.org\/<\/a>), \u00e7oklu ortam uygulamalar\u0131 i\u00e7in Ubuntu Studio (<a href=\"http:\/\/ubuntustudio.org\/\">http:\/\/ubuntustudio.org\/<\/a>) gibi.<\/p>\n<p>GNU\/Linux da\u011f\u0131t\u0131mlar\u0131n\u0131n listesinin yer ald\u0131\u011f\u0131 DistroWatch (<a href=\"http:\/\/distrowatch.com\/\">http:\/\/distrowatch.com\/<\/a>) sitesindeki s\u0131ralamaya g\u00f6re ilk be\u015f s\u0131rada Mint, Debian (<a href=\"https:\/\/www.debian.org\/\">https:\/\/www.debian.org\/<\/a>), Ubuntu (<a href=\"http:\/\/www.ubuntu.com\/\">http:\/\/www.ubuntu.com\/<\/a>), openSUSE (<a href=\"https:\/\/www.opensuse.org\/\">https:\/\/www.opensuse.org\/<\/a>) ve Fedora (<a href=\"https:\/\/getfedora.org\/\">https:\/\/getfedora.org\/<\/a>) da\u011f\u0131t\u0131mlar\u0131 yer almaktad\u0131r. Debian&#8217;\u0131n baz\u0131lar\u0131 i\u00e7in olumlu olan \u00f6zellikleri farkl\u0131 gereksinimi olan kullan\u0131c\u0131lar i\u00e7in bir engel olabilmekte, bu da Debian tabanl\u0131 yeni da\u011f\u0131t\u0131mlar\u0131n geli\u015ftirilmesine neden olmaktad\u0131r. Bir\u00e7ok pop\u00fcler da\u011f\u0131t\u0131m gibi Mint ve Ubuntu da Debian&#8217;dan t\u00fcremi\u015f da\u011f\u0131t\u0131mlard\u0131r (bkz. <a href=\"https:\/\/upload.wikimedia.org\/wikipedia\/commons\/6\/69\/DebianFamilyTree1210.svg\">https:\/\/upload.wikimedia.org\/wikipedia\/commons\/6\/69\/DebianFamilyTree1210.svg<\/a>). Ayr\u0131ca Pardus (<a href=\"https:\/\/www.pardus.org.tr\">https:\/\/www.pardus.org.tr<\/a>) da 2013 y\u0131l\u0131nda al\u0131nan bir kararla Debian tabanl\u0131 bir da\u011f\u0131t\u0131mlar kervan\u0131na kat\u0131lm\u0131\u015ft\u0131r.<\/p>\n<p>Debian d\u00f6rt \u00f6zelli\u011fe ile di\u011fer da\u011f\u0131t\u0131mlardan ayr\u0131lmaktad\u0131r. Birincisi, Debian depolar\u0131nda 43000&#8217;den fazla yaz\u0131l\u0131m paketi vard\u0131r. \u00c7o\u011fu GNU\/Linux da\u011f\u0131t\u0131m\u0131nda kullan\u0131c\u0131lar, da\u011f\u0131t\u0131m\u0131n depolar\u0131ndan arama yaparlar ve bulduklar\u0131 yaz\u0131l\u0131m\u0131 bilgisayarlar\u0131na kurarlar. \u00d6rne\u011fin vlc adl\u0131 ortam oynat\u0131c\u0131s\u0131n\u0131, pdf okuyucuyu, ses montaj program\u0131n\u0131 ya da LibreOffice&#8217;i bilgisayar\u0131n\u0131za indirip sorunsuz bir \u015fekilde (!) kurmak en fazla bir iki dakikan\u0131z\u0131 alacakt\u0131r. \u0130kincisi Debian, \u201cEvrensel \u0130\u015fletim Sistemi\u201d ad\u0131na lay\u0131k olarak \u00e7ok say\u0131da bilgisayar mimarisini desteklemektedir (<a href=\"https:\/\/www.debian.org\/ports\/\">https:\/\/www.debian.org\/ports\/<\/a>). \u00dc\u00e7\u00fcnc\u00fcs\u00fc, kullan\u0131c\u0131 ve geli\u015ftirici say\u0131s\u0131n\u0131n fazla olmas\u0131d\u0131r (<a href=\"https:\/\/wiki.debian.org\/Statistics\">https:\/\/wiki.debian.org\/Statistics<\/a>). GNU\/Linux da\u011f\u0131t\u0131mlar\u0131nda kullan\u0131c\u0131 ve geli\u015ftirici say\u0131s\u0131n\u0131n fazla olmas\u0131 sorunlar\u0131n\u0131za yan\u0131t bulman\u0131z\u0131 da h\u0131zland\u0131rmaktad\u0131r. Ya\u015fad\u0131\u011f\u0131n\u0131z sorunun bir Debian, Ubuntu ya da Mint kullan\u0131c\u0131s\u0131 taraf\u0131ndan forumlarda sorulmu\u015f ve yan\u0131tlanm\u0131\u015f olmas\u0131 y\u00fcksek olas\u0131l\u0131kt\u0131r. Sonuncu ve di\u011ferlerine temel olan \u00f6zelli\u011fi ise etik de\u011ferlere ve yaz\u0131l\u0131m\u0131n \u00f6zg\u00fcrl\u00fc\u011f\u00fcne ba\u011fl\u0131l\u0131\u011f\u0131d\u0131r. Dolay\u0131s\u0131yla Debian derken yaln\u0131zca bir i\u015fletim sisteminden s\u00f6z etmiyoruz. Debian, ayn\u0131 zamanda en iyi \u00f6zg\u00fcr i\u015fletim sistemini geli\u015ftirme hedefi olan bir proje ve \u00e7al\u0131\u015fmalar\u0131nda belirleyici olan etik de\u011ferleri olan bir topluluktur (Zacchiroli, 2011).<\/p>\n<p>Kamuoyunda \u00f6zg\u00fcr yaz\u0131l\u0131m, iyi y\u00fcrekli insanlar\u0131n topluma arma\u011fan\u0131 olarak de\u011ferlendirilmektedir. Ayn\u0131 iyimserlikte olmasa da bir \u00e7ok akademik \u00e7al\u0131\u015fman\u0131n temel ara\u015ft\u0131rma konusu, hackerlar\u0131n (veya \u00f6zg\u00fcr yaz\u0131l\u0131m taraftarlar\u0131n\u0131n) g\u00f6n\u00fcll\u00fc \u00e7al\u0131\u015fmaya kat\u0131l\u0131rken nas\u0131l bir motivasyona sahip olduklar\u0131d\u0131r. Bu konuda \u00f6zellikle iki \u00e7al\u0131\u015fmaya referans yap\u0131lmaktad\u0131r: Steven Levy&#8217;nin Hackerlar&#8217;\u0131 ve Pekka Himanen&#8217;in Hacker Eti\u011fi. Levy&#8217;nin hacker eti\u011fi kapsam\u0131nda anlatt\u0131klar\u0131 bug\u00fcn copyleft ile yasala\u015fm\u0131\u015ft\u0131r. O y\u0131llarda yaz\u0131l\u0131m\u0131 payla\u015fmak etik bir y\u00fck\u00fcml\u00fcl\u00fckken payla\u015f\u0131m g\u00fcn\u00fcm\u00fczde GPL ile (Genel Kamu Lisans\u0131) yasal bir bi\u00e7ime kavu\u015fmu\u015ftur. Ama bu d\u00f6n\u00fc\u015f\u00fcm kendili\u011finden olmam\u0131\u015ft\u0131r. Bir zamanlar laboratuvarlarda ya\u015fayan bu k\u00fclt\u00fcr, internette nas\u0131l geli\u015fip serpilmi\u015ftir? Himanen&#8217;in yakla\u015f\u0131m\u0131nda ise temel sorun, belirli bir i\u015f eti\u011fine sahip hackerlardan yola \u00e7\u0131k\u0131yor olmas\u0131d\u0131r. Oysa bu i\u015f eti\u011fi hackerlar\u0131n prati\u011finde tekrar tekrar yeniden \u00fcretilmektedir. Hackerlar de\u011fi\u015ftirirken, de\u011fi\u015fmektedir. Bu nedenle, \u00f6zg\u00fcr yaz\u0131l\u0131m projelerindeki pratikleri diyalektik bir s\u00fcre\u00e7 olarak de\u011ferlendirmek, prati\u011fin bireylerde yaratt\u0131\u011f\u0131 de\u011fi\u015fimi g\u00f6z ard\u0131 etmemek gerekir.<\/p>\n<p>Yaz\u0131n\u0131n devam\u0131nda, Debian&#8217;\u0131n geli\u015fiminin tarihsel u\u011fraklar\u0131n\u0131, ortak de\u011fer ve d\u00fc\u015f\u00fcncelere sahip Debian toplulu\u011funun kendini yeniden \u00fcretim s\u00fcre\u00e7lerini tart\u0131\u015faca\u011f\u0131m. Kurucular\u0131 her ne kadar belirli ilke ve de\u011ferler do\u011frultusunda Debian&#8217;\u0131n temellerini atm\u0131\u015f olsa da etik de\u011ferlere ve yaz\u0131l\u0131m\u0131n \u00f6zg\u00fcrl\u00fc\u011f\u00fcne ba\u011fl\u0131l\u0131k s\u00fcre\u00e7 i\u00e7inde geli\u015fmi\u015f, netle\u015fmi\u015f ve yay\u0131lm\u0131\u015ft\u0131r.<\/p>\n<h2>Debian&#8217;\u0131n Do\u011fu\u015fu<\/h2>\n<p>\u00c7ok say\u0131da GNU\/Linux da\u011f\u0131t\u0131m\u0131 vard\u0131r. Ama Ian Murdock&#8217;\u0131, di\u011fer da\u011f\u0131t\u0131mlar\u0131n kurucular\u0131ndan farkl\u0131 yapan \u00e7ok kritik bir ge\u00e7i\u015f s\u00fcrecinde \u00f6zg\u00fcr yaz\u0131l\u0131ma yapt\u0131\u011f\u0131 katk\u0131d\u0131r. Richard Stallman GNU Projesini 1983&#8217;te duyurmu\u015f, Linus Torvalds&#8217;\u0131n 1991 y\u0131l\u0131nda Linux \u00e7ekirde\u011fini geli\u015ftirmesiyle bilgisayar kullan\u0131c\u0131lar\u0131 \u00f6zg\u00fcr bir i\u015fletim sistemine kavu\u015fmu\u015ftur. Linus Torvalds, Linux&#8217;u geli\u015ftirirken GNU ara\u00e7lar\u0131ndan faydalanm\u0131\u015f olmas\u0131na ra\u011fmen GNU ve Linux projeleri aras\u0131nda k\u00fclt\u00fcrel farkl\u0131l\u0131klar vard\u0131r. Debian, GNU ve Linux k\u00fclt\u00fcrlerinin bir sentezini olu\u015fturmu\u015f, \u00f6zg\u00fcr yaz\u0131l\u0131m\u0131 daha ileriye g\u00f6t\u00fcrm\u00fc\u015ft\u00fcr.<\/p>\n<p>1973 y\u0131l\u0131nda Bat\u0131 Almanya&#8217;da do\u011fan Ian Murdock GNU\/Linux&#8217;la 1993 y\u0131l\u0131nda \u00fcniversite \u00f6\u011frencisiyken tan\u0131\u015f\u0131r. O zamanlar sadece birka\u00e7 GNU\/Linux da\u011f\u0131t\u0131m\u0131 vard\u0131r. Ian Murdock da SLS (Softlanding Linux System) adl\u0131 da\u011f\u0131t\u0131m\u0131 kullanmaktad\u0131r. SLS teknik olarak sorunludur; da\u011f\u0131t\u0131mda \u00e7ok say\u0131da bug vard\u0131r. \u0130lk ba\u015fta bu sorunlar\u0131 \u00e7\u00f6zmeyi dener ama sonra s\u0131f\u0131rdan da\u011f\u0131t\u0131m haz\u0131rlaman\u0131n daha kolay olaca\u011f\u0131na karar verir. Murdock&#8217;a g\u00f6re SLS&#8217;nin ba\u015f\u0131ndaki ki\u015fi her \u015feyi tek ba\u015f\u0131na yapmaya \u00e7al\u0131\u015ft\u0131\u011f\u0131ndan i\u015f y\u00fck\u00fcn\u00fcn alt\u0131nda ezilmektedir. Linus Torvalds&#8217;\u0131n Linux&#8217;ta uygulad\u0131\u011f\u0131 yaz\u0131l\u0131m geli\u015ftirme y\u00f6nteminin da\u011f\u0131t\u0131m geli\u015ftirmek i\u00e7in de uygulanabilece\u011fini d\u00fc\u015f\u00fcn\u00fcr. Buradaki temel sorun, fiziksel olarak bir araya gelip ayn\u0131 anda \u00e7al\u0131\u015fmas\u0131 neredeyse imkans\u0131z olan geli\u015ftiricilerin bir da\u011f\u0131t\u0131m\u0131 nas\u0131l haz\u0131rlayaca\u011f\u0131d\u0131r. \u00c7\u00fcnk\u00fc o g\u00fcne kadar kullan\u0131c\u0131lar GNU\/Linux&#8217;u disketlerdeki kurulum dosyalar\u0131ndan kurmaktad\u0131rlar (bug\u00fcn Windows&#8217;u DVD&#8217;den kurar gibi&#8230;). Ian Murdock bu monolitik yap\u0131y\u0131 GNU\/Linux&#8217;u paketlere ay\u0131rarak ve paketlerin sorumlulu\u011funu geli\u015ftiricilere vererek a\u015far. Her geli\u015ftirici, sorumlu oldu\u011fu yaz\u0131l\u0131m paketini (ya da paketlerini) da\u011f\u0131t\u0131m\u0131n b\u00fct\u00fcn\u00fcne uygun hale getirecektir. Yeni da\u011f\u0131t\u0131m disketlerden de\u011fil, paketlerden olu\u015facakt\u0131r. \u0130nsanlar, da\u011f\u0131t\u0131mda olmas\u0131n\u0131 istedikleri yaz\u0131l\u0131mlar i\u00e7in belirli standartlar\u0131 takip ederek yaz\u0131l\u0131m paketleri haz\u0131rlayacaklard\u0131r. K\u0131sacas\u0131, Debian, standartlara uyuldu\u011fu taktirde herkesin yetenekleri do\u011frultusunda katk\u0131da bulunabilece\u011fi bir platformdur.<\/p>\n<p>Yeni da\u011f\u0131t\u0131m\u0131n ad\u0131 ise Ian Murdock&#8217;\u0131n k\u0131z arkada\u015f\u0131n\u0131n (daha sonra e\u015fi olacakt\u0131r) ve kendi isminin bile\u015fiminden olu\u015fmaktad\u0131r: DEBra Lynn + Ian Murdock. Debian GNU\/Linux&#8217;un ticari i\u015fletim sistemleri ile rekabet eden, kolay kurulan ve yaz\u0131l\u0131m uzmanlar\u0131 ile ortakla\u015fa \u00fcretilen bir da\u011f\u0131t\u0131m olmas\u0131 hedeflenmektedir.<\/p>\n<p>Bu tasar\u0131msal karar, Unix&#8217;in aristokratik k\u00fclt\u00fcr\u00fcnden bir kopu\u015f anlam\u0131na gelmektedir. Ge\u00e7mi\u015fte geli\u015ftirilen bir yaz\u0131l\u0131m\u0131 Unix&#8217;e eklemek i\u00e7in, Berkeley&#8217;deki ekibe iletmek, onlar\u0131n uygun g\u00f6r\u00fcp g\u00f6rmeyece\u011fini beklemek gerekirdi. Linux&#8217;la ba\u015flay\u0131p, Debian&#8217;la geli\u015fen k\u00fclt\u00fcr ise bireyleri \u00fcretmeye ve kendilerini geli\u015ftirmeye te\u015fvik etmektedir. Geli\u015ftiriciler Debian&#8217;a belirli bir motivasyonla yakla\u015fmaktad\u0131r. Ama diyalektik bir s\u00fcre\u00e7 s\u00f6z konusudur. Coleman&#8217;a g\u00f6re (2013) \u00f6zg\u00fcr yaz\u0131l\u0131m projelerindeki ve \u00f6zellikle Debian&#8217;daki yaz\u0131l\u0131m geli\u015ftirme pratikleri, rit\u00fceller ve \u00f6rg\u00fctsel s\u00fcre\u00e7ler geli\u015ftiricilerde etik de\u011fi\u015fim yaratmaktad\u0131r. Coleman (2013) bu de\u011fi\u015fimi \u00fc\u00e7 farkl\u0131 s\u00fcrecin bile\u015fimi olarak de\u011ferlendirmektedir: Proje k\u00fclt\u00fcr\u00fcn\u00fcn i\u00e7selle\u015ftirilmesi, fikri m\u00fclkiyet haklar\u0131 kapsam\u0131ndaki yasal kar\u015f\u0131la\u015ft\u0131rmalar ve kar\u015f\u0131tl\u0131klar, kriz anlar\u0131. Yaz\u0131n\u0131n devam\u0131nda bunun \u00f6rneklerini g\u00f6rece\u011fiz.<\/p>\n<h2>Debian Sosyal S\u00f6zle\u015fmesi ve Debian \u00d6zg\u00fcr Yaz\u0131l\u0131m Y\u00f6nergeleri<\/h2>\n<p>Debian&#8217;\u0131n ilk g\u00fcnlerinde projeye katk\u0131da bulunanlar\u0131n say\u0131s\u0131 20 civar\u0131ndad\u0131r. Ortak de\u011ferleri \u00f6zg\u00fcr yaz\u0131l\u0131md\u0131r. Ian Murdock&#8217;\u0131n 1996 y\u0131l\u0131nda yazd\u0131\u011f\u0131 Debian Manifestosu, toplulu\u011fun \u00f6zg\u00fcr yaz\u0131l\u0131m felsefesine ba\u011fl\u0131l\u0131\u011f\u0131n\u0131 ve hedeflerini bildirmektedir (<a href=\"https:\/\/www.debian.org\/doc\/manuals\/project-history\/ap-manifesto.en.html\">https:\/\/www.debian.org\/doc\/manuals\/project-history\/ap-manifesto.en.html<\/a>).<\/p>\n<p>1996 y\u0131l\u0131nda Ian Murdock Debian&#8217;\u0131n proje liderli\u011fini \u00f6zg\u00fcr yaz\u0131l\u0131m hareketinin tan\u0131nm\u0131\u015f isimlerinden Bruce Perens&#8217;a devreder. Debian geli\u015ftiricilerinin say\u0131s\u0131 120&#8217;ye ula\u015fm\u0131\u015f ve metala\u015fma s\u00fcrecinin bask\u0131s\u0131 hissedilmeye ba\u015flam\u0131\u015ft\u0131r. Bu atmosferde bir \u00e7ok geli\u015ftirici, Debian Manifestosu&#8217;nun art\u0131k yetersiz kald\u0131\u011f\u0131n\u0131, Debian&#8217;\u0131n \u00f6zg\u00fcr yaz\u0131l\u0131m tart\u0131\u015fmas\u0131ndaki konumunu netle\u015ftirmesi gerekti\u011fini d\u00fc\u015f\u00fcnmektedir. Az say\u0131da geli\u015ftirici de di\u011fer da\u011f\u0131t\u0131mlarla rekabet edebilmek i\u00e7in \u0131srarla Debian&#8217;\u0131n \u00f6zg\u00fcr olmayan yaz\u0131l\u0131mlar\u0131 da da\u011f\u0131t\u0131ma dahil etmesi gerekti\u011fini savunmaktad\u0131r.<\/p>\n<p>\u00d6zg\u00fcr yaz\u0131l\u0131m konusunda en uzla\u015fmaz isimlerin ba\u015f\u0131nda gelen Richard Stallman da dahil olmak \u00fczere kimsenin \u00f6zg\u00fcr yaz\u0131l\u0131m i\u015f modellerine itiraz\u0131 yoktur. Ama geli\u015ftiriciler aras\u0131nda ticari da\u011f\u0131t\u0131mlara kar\u015f\u0131 teredd\u00fctler vard\u0131r. Bir konferansta Ean Schuessler, ticari bir da\u011f\u0131t\u0131m olan Red Hat&#8217;in kurucusu Bob Young&#8217;a, Red Hat&#8217;\u0131n \u00f6zg\u00fcr yaz\u0131l\u0131m ideallerine her zaman ba\u011fl\u0131 kalaca\u011f\u0131n\u0131 beyan eden bir sosyal s\u00f6zle\u015fme haz\u0131rlamas\u0131n\u0131 \u00f6nerir. Young bunun Red Hat gibi kar etmeyi hedefleyen bir \u015firket i\u00e7in \u00f6l\u00fcm \u00f6p\u00fcc\u00fc\u011f\u00fc olaca\u011f\u0131n\u0131 s\u00f6yler ve reddeder.<\/p>\n<p>Ean Schuessler ve baz\u0131 Debian geli\u015ftiricileri bu \u00f6neriyi daha sonra Debian&#8217;a sunar. Bu s\u00f6zle\u015fme, Debian toplulu\u011funun \u00f6zg\u00fcr yaz\u0131l\u0131m tart\u0131\u015fmas\u0131ndaki konumunu belirlemek i\u00e7in \u00f6nemli f\u0131rsatt\u0131r. Bruce Perens bir belge tasla\u011f\u0131 haz\u0131rlar ve Temmuz 1997&#8217;de bir ay s\u00fcren e-posta konferans\u0131 sonucunda \u00d6zg\u00fcr Yaz\u0131l\u0131m Toplu\u011fu ile \u201cSosyal S\u00f6zle\u015fme\u201d ve Debian \u00d6zg\u00fcr Yaz\u0131l\u0131m Y\u00f6nergeleri ba\u015fl\u0131kl\u0131 iki belge yay\u0131mlan\u0131r (<a href=\"https:\/\/www.debian.org\/social_contract.tr.html\">https:\/\/www.debian.org\/social_contract.tr.html<\/a>). Bu belgeler, Debian&#8217;\u0131n resmi hareket tarz\u0131n\u0131 belirtmektedir. Belgelerde, \u015feffafl\u0131k, a\u00e7\u0131kl\u0131k, izlenebilirlik, ayr\u0131mc\u0131l\u0131k g\u00f6zetmeme konular\u0131 \u00fczerinde durulmu\u015ftur.<\/p>\n<p>Sosyal S\u00f6zle\u015fme&#8217;de a\u015fa\u011f\u0131daki taahh\u00fctlerde bulunulur:<\/p>\n<ul>\n<li>Debian %100 \u00f6zg\u00fcr kalacakt\u0131r<\/li>\n<li>\u00dcrettiklerimizi yine \u00f6zg\u00fcr yaz\u0131l\u0131m toplulu\u011fuyla payla\u015faca\u011f\u0131z<\/li>\n<li>Sorunlar\u0131 gizlemeyece\u011fiz<\/li>\n<li>\u00d6nceliklerimiz, kullan\u0131c\u0131lar\u0131m\u0131z ve \u00f6zg\u00fcr yaz\u0131l\u0131md\u0131r<\/li>\n<\/ul>\n<p>Burada \u201c%100 \u00f6zg\u00fcr\u201dl\u00fck ifadesi, Debian&#8217;da \u00f6zg\u00fcr olmayan yaz\u0131l\u0131mlar\u0131n yer almayaca\u011f\u0131n\u0131 de\u011fil, \u201cSistemi hi\u00e7bir zaman \u00f6zg\u00fcr olmayan bir bile\u015fene gereksinim duyar hale\u201d getirmeyeceklerini taahh\u00fct etmektedir. Nitekim s\u00f6zle\u015fmenin sonunda da \u201c\u00f6zg\u00fcr olmayan \u00e7al\u0131\u015fmalar Debian sisteminin bir par\u00e7as\u0131 olmamas\u0131na ra\u011fmen\u201d bu yaz\u0131l\u0131mlar\u0131n Debian \u00fczerinde kullan\u0131mlar\u0131na olanak sa\u011flanaca\u011f\u0131 belirtilmektedir.<\/p>\n<p>Debian \u00d6zg\u00fcr Yaz\u0131l\u0131m Y\u00f6nergeleri&#8217;nde ise eri\u015fim, kullan\u0131m, de\u011fi\u015ftirme ve da\u011f\u0131t\u0131m ba\u011flam\u0131nda hangi yaz\u0131l\u0131mlar\u0131n \u00f6zg\u00fcr yaz\u0131l\u0131m olarak de\u011ferlendirilece\u011fi yer almaktad\u0131r. Fikri m\u00fclkiyet tart\u0131\u015fmalar\u0131, Debian toplulu\u011fun olu\u015fumunda son derece \u00f6nemli bir konudur. Debian geli\u015ftiricileri, yaz\u0131l\u0131m lisanlar\u0131 tart\u0131\u015fmalar\u0131na aktif olarak kat\u0131lmakta, bilgi payla\u015f\u0131m\u0131 yapmaktad\u0131rlar. Bir\u00e7ok geli\u015ftirici fikri m\u00fclkiyet hakk\u0131 kanunlar\u0131n\u0131 ele\u015ftirel olarak takip etmekte ve bu konulardaki yasal d\u00fczenlemelere katk\u0131da bulunmaktad\u0131r. Baz\u0131 geli\u015ftiriciler i\u00e7in yasal mevzular s\u0131k\u0131c\u0131 konular olmas\u0131na kar\u015f\u0131n teknolojik \u00fcretime kat\u0131labilmek i\u00e7in yasal konularda bilgi sahibi olmalar\u0131 gerekmektedir. \u00d6rne\u011fin, hangi yaz\u0131l\u0131m\u0131n Debian&#8217;a kat\u0131labilir, hangisinin kat\u0131lamaz oldu\u011funa karar verebilmek i\u00e7in en az\u0131ndan Debian \u00d6zg\u00fcr Yaz\u0131l\u0131m Y\u00f6nergeleri&#8217;nde yaz\u0131lanlar\u0131 anlamak zorundad\u0131rlar.<\/p>\n<p>Bu hukuksal m\u00fccadele, Coleman&#8217;\u0131n da (2013) vurgulad\u0131\u011f\u0131 gibi topluluk k\u00fclt\u00fcr\u00fcn\u00fcn olu\u015fumunda ve geli\u015ftiricilerdeki etik d\u00f6n\u00fc\u015f\u00fcmde etkili bir fakt\u00f6rd\u00fcr. Ayr\u0131ca \u00d6zg\u00fcr Yaz\u0131l\u0131m Vakf\u0131 (Free Software Foundation \u2013 FSF) ile Debian aras\u0131ndaki tart\u0131\u015fmalar ve anla\u015fmazl\u0131klar, fikir ayr\u0131l\u0131klar\u0131na ra\u011fmen geli\u015ftiricilerin fikri m\u00fclkiyet haklar\u0131 konusundaki bilin\u00e7 d\u00fczeyini y\u00fckseltmektedir.<\/p>\n<p>Bu belgelerle, hem topluluk i\u00e7in hem de d\u0131\u015far\u0131dan kat\u0131lanlar i\u00e7in projenin hedefleri netle\u015ftirilmi\u015ftir. Bu iki belgeyi haz\u0131rlayan Bruce Perense ironik bir \u015fekilde Debian i\u00e7in bir ba\u015fka \u00f6nemli belge olan Debian Anayasas\u0131&#8217;n\u0131n ortaya \u00e7\u0131kmas\u0131na (<a href=\"https:\/\/www.debian.org\/devel\/constitution\">https:\/\/www.debian.org\/devel\/constitution<\/a>) da vesile olur.<\/p>\n<h2>Debian Anayasas\u0131<\/h2>\n<p>Debian 1993-1996 y\u0131llar\u0131 aras\u0131nda, bir\u00e7ok \u00f6zg\u00fcr yaz\u0131l\u0131m projesinde oldu\u011fu gibi, projenin kurucusu taraf\u0131ndan y\u00f6netilmi\u015ftir. Debian&#8217;\u0131n paketlerden olu\u015fan mod\u00fcler yap\u0131s\u0131 geli\u015ftiricilere inisiyatif vermekte, daha demokratik bir \u00e7al\u0131\u015fma ortam sunmaktad\u0131r. Ian Murdock, gelen \u00f6nerileri dinlemekte, ama son karar\u0131 yine kendisi vermektedir. Geli\u015ftiriciler aras\u0131nda bir g\u00fcven ili\u015fkisi olu\u015ftu\u011fu ve do\u011fru teknik kararlar verildi\u011fi s\u00fcrece tek ki\u015finin y\u00f6netimi \u00f6zg\u00fcr yaz\u0131l\u0131m projelerinde sorun yaratmaz. Ama proje b\u00fcy\u00fcd\u00fck\u00e7e, al\u0131nmas\u0131 gereken kararlar artt\u0131k\u00e7a ve karma\u015f\u0131kla\u015ft\u0131k\u00e7a proje liderinin y\u00f6netim bi\u00e7imi nedeniyle sorunlar ortaya \u00e7\u0131kabilmektedir. Ian Murdock, 1996&#8217;da Debian liderli\u011fi projenin aktif geli\u015ftiricilerinden Bruce Perens&#8217;a devretti\u011finde proje liderinin g\u00f6rev ve sorumluluklar\u0131, yetkilerinin s\u0131n\u0131rlar\u0131 hen\u00fcz belirsizdir. \u0130nsanlar bir s\u00fcre sonra ya\u015fad\u0131klar\u0131 gibi d\u00fc\u015f\u00fcnmeye ba\u015flarlar; \u00f6nceki b\u00f6l\u00fcmde belirtilen belgelerde yer alan \u015feffafl\u0131k, a\u00e7\u0131kl\u0131k, izlenebilirlik, ayr\u0131mc\u0131l\u0131k g\u00f6zetmeme kayg\u0131lar\u0131 yaln\u0131zca koddan de\u011fil, proje y\u00f6netiminden de beklenmektedir. Fakat Bruce Perens&#8217;in proje liderli\u011fini daha geni\u015f anlamda alg\u0131lamas\u0131, kendini Debian&#8217;\u0131n ba\u015fkan\u0131 olarak g\u00f6rmesi ve geli\u015ftiricilerin i\u015flerine m\u00fcdahale etmesi topluluk i\u00e7inde sorunlara neden olur. Baz\u0131 kararlar\u0131n tart\u0131\u015f\u0131lmadan al\u0131nmas\u0131 rahats\u0131zl\u0131k yarat\u0131r ve liderin otoritesi sorgulanmaya ba\u015flar. Bruce Perens diktat\u00f6rl\u00fckle su\u00e7lanmaktad\u0131r. Bruce Perens, her karar\u0131 kendisinin almak zorunda kalmas\u0131ndan ho\u015fnut olmad\u0131\u011f\u0131n\u0131 yazar ve toplulu\u011fun bir y\u00f6netim kurulu se\u00e7mesini \u00f6nerir (Mahony ve Ferraro, 2007).<\/p>\n<p>Projelerin, bir y\u00f6netim kurulu ya da vak\u0131f taraf\u0131ndan y\u00fcr\u00fct\u00fclmesi \u00f6zg\u00fcr yaz\u0131l\u0131m d\u00fcnyas\u0131ndaki pratiklerden biridir. Fakat se\u00e7imin ve ki\u015fi yerine bir kurulun y\u00f6netiminin tam bir \u00e7\u00f6z\u00fcm olamayaca\u011f\u0131 d\u00fc\u015f\u00fcn\u00fclmektedir. Bunun yerine, g\u00f6rev ve yetkileri Debian Anayasas\u0131 ile belirlenen bir y\u00f6netim bi\u00e7imi ortaya \u00e7\u0131kar. Debian Anayasas\u0131&#8217;yla proje liderinin, teknik komitenin, proje sekreterinin ve proje liderinin atayaca\u011f\u0131 delegelerin g\u00f6rev ve yetkilerinin s\u0131n\u0131rlar\u0131 belirtilir, bireysel geli\u015ftiricilerin haklar\u0131n\u0131n alt\u0131 \u00e7izilir. Anayasada proje liderinin dikkat etmesi gereken konular da yaz\u0131lm\u0131\u015ft\u0131r:<\/p>\n<ul>\n<li>Kararlar\u0131n\u0131n geli\u015ftiricilerin g\u00f6r\u00fc\u015f\u00fcyle olu\u015fan oyda\u015fmayla (konsens\u00fcs) olmas\u0131<\/li>\n<li>Pratikse, gayr\u0131 resmi olarak geli\u015ftiricilerin d\u00fc\u015f\u00fcncelerini almas\u0131,<\/li>\n<li>Lider s\u0131fat\u0131yla alaca\u011f\u0131 kararlarda kendi g\u00f6r\u00fc\u015flerini a\u015f\u0131r\u0131 vurgulamaktan ka\u00e7\u0131nmas\u0131<\/li>\n<\/ul>\n<p>Lider, teknik konulara karar veren de\u011fil, geli\u015ftiricilerin bu kararlar\u0131 almas\u0131n\u0131 kolayla\u015ft\u0131ran ki\u015fidir.<\/p>\n<p>Anayasada, genel kararlar\u0131n nas\u0131l al\u0131naca\u011f\u0131, se\u00e7imlerin nas\u0131l yap\u0131laca\u011f\u0131 ve oylar\u0131n nas\u0131l say\u0131laca\u011f\u0131 belirtilmektedir. Anayasan\u0131n ilk s\u00fcr\u00fcmlerinden itibaren oylamalarda basit \u00e7o\u011funluk yerine tercihlere dayanan bir sistem kullan\u0131lmaktad\u0131r. 2003 y\u0131l\u0131nda ise daha ileri bir y\u00f6ntem olan Schulze y\u00f6ntemi kullan\u0131lmaya ba\u015flan\u0131r. Schulze y\u00f6ntemi, Debian&#8217;\u0131n yan\u0131 s\u0131ra \u00e7ok say\u0131da \u00f6zg\u00fcr yaz\u0131l\u0131m kurulu\u015fu ve \u00f6zellikle de Korsan Partileri taraf\u0131ndan kullan\u0131lmaktad\u0131r.<\/p>\n<p>\u00d6rne\u011fin, A, B, C, D, E adlar\u0131nda 5 aday\u0131m\u0131z ve 45 se\u00e7menimiz var. Se\u00e7menlerden bir tercih s\u0131ralama yapmas\u0131 istenmi\u015f (1.C 2.A 3.B 4.E 5.D gibi) ve a\u015fa\u011f\u0131daki tablo olu\u015fmu\u015f olsun:<\/p>\n<figure id=\"attachment_436\" aria-describedby=\"caption-attachment-436\" style=\"width: 300px\" class=\"wp-caption aligncenter\"><a href=\"http:\/\/yarimada.gen.tr\/wp-content\/uploads\/2016\/02\/Schulze1.png\" rel=\"attachment wp-att-436\"><img loading=\"lazy\" decoding=\"async\" class=\"size-medium wp-image-436\" src=\"http:\/\/yarimada.gen.tr\/wp-content\/uploads\/2016\/02\/Schulze1-300x194.png\" alt=\"Schulze1\" width=\"300\" height=\"194\" srcset=\"http:\/\/yarimada.gen.tr\/wp-content\/uploads\/2016\/02\/Schulze1-300x194.png 300w, http:\/\/yarimada.gen.tr\/wp-content\/uploads\/2016\/02\/Schulze1.png 338w\" sizes=\"auto, (max-width: 300px) 100vw, 300px\" \/><\/a><figcaption id=\"caption-attachment-436\" class=\"wp-caption-text\">Schulze1<\/figcaption><\/figure>\n<p>Klasik bir se\u00e7im olsa, C&#8217;nin se\u00e7imi kazanmas\u0131 b\u00fcy\u00fck olas\u0131l\u0131kt\u0131r. Fakat C&#8217;yi hi\u00e7 istemeyen de \u00e7ok fazlad\u0131r. Schulze y\u00f6ntemine g\u00f6re en \u00e7ok oy alan de\u011fil, en \u00e7ok tercih edilen se\u00e7imi kazanacakt\u0131r. Y\u00f6ntemi uygularken \u00f6nce adaylar aras\u0131ndaki tercihler belirlenir. A&#8217;y\u0131 B&#8217;ye tercih edenlerin say\u0131s\u0131 5+5+3+7=20, B&#8217;yi A&#8217;ya tercih edenlerin say\u0131s\u0131 8+2+7+8=25&#8217;dir. Bunu di\u011fer adaylar i\u00e7in de yapt\u0131\u011f\u0131m\u0131zda a\u015fa\u011f\u0131daki matris olu\u015fur:<\/p>\n<p>&nbsp;<\/p>\n<table width=\"302\" cellspacing=\"0\" cellpadding=\"4\">\n<colgroup>\n<col width=\"41\" \/>\n<col width=\"42\" \/>\n<col width=\"42\" \/>\n<col width=\"42\" \/>\n<col width=\"42\" \/>\n<col width=\"41\" \/> <\/colgroup>\n<tbody>\n<tr valign=\"top\">\n<td width=\"41\"><\/td>\n<td width=\"42\">A<\/td>\n<td width=\"42\">B<\/td>\n<td width=\"42\">C<\/td>\n<td width=\"42\">D<\/td>\n<td width=\"41\">E<\/td>\n<\/tr>\n<tr valign=\"top\">\n<td width=\"41\">A<\/td>\n<td width=\"42\"><\/td>\n<td width=\"42\">20<\/td>\n<td bgcolor=\"#e6e6e6\" width=\"42\">26<\/td>\n<td bgcolor=\"#e6e6e6\" width=\"42\">30<\/td>\n<td width=\"41\">22<\/td>\n<\/tr>\n<tr valign=\"top\">\n<td width=\"41\">B<\/td>\n<td bgcolor=\"#e6e6e6\" width=\"42\">25<\/td>\n<td width=\"42\"><\/td>\n<td bgcolor=\"#ffffff\" width=\"42\">16<\/td>\n<td bgcolor=\"#e6e6e6\" width=\"42\">33<\/td>\n<td bgcolor=\"#ffffff\" width=\"41\">18<\/td>\n<\/tr>\n<tr valign=\"top\">\n<td width=\"41\">C<\/td>\n<td width=\"42\">19<\/td>\n<td bgcolor=\"#e6e6e6\" width=\"42\">29<\/td>\n<td width=\"42\"><\/td>\n<td width=\"42\">17<\/td>\n<td bgcolor=\"#e6e6e6\" width=\"41\">24<\/td>\n<\/tr>\n<tr valign=\"top\">\n<td width=\"41\">D<\/td>\n<td width=\"42\">15<\/td>\n<td width=\"42\">12<\/td>\n<td bgcolor=\"#e6e6e6\" width=\"42\">28<\/td>\n<td width=\"42\"><\/td>\n<td width=\"41\">14<\/td>\n<\/tr>\n<tr valign=\"top\">\n<td width=\"41\">E<\/td>\n<td bgcolor=\"#e6e6e6\" width=\"42\">23<\/td>\n<td bgcolor=\"#e6e6e6\" width=\"42\">27<\/td>\n<td width=\"42\">21<\/td>\n<td bgcolor=\"#e6e6e6\" width=\"42\">31<\/td>\n<td width=\"41\"><\/td>\n<\/tr>\n<\/tbody>\n<\/table>\n<p>B&#8217;yi A&#8217;ya tercih edenler daha fazla oldu\u011fu i\u00e7in BA alan\u0131n\u0131 daha koyu yapar\u0131z ve a\u015fa\u011f\u0131daki \u00e7izgeyi (graph) olu\u015ftururuz:<\/p>\n<p><a href=\"http:\/\/yarimada.gen.tr\/wp-content\/uploads\/2016\/02\/Schulze2.png\" rel=\"attachment wp-att-437\"><img loading=\"lazy\" decoding=\"async\" class=\"aligncenter size-full wp-image-437\" src=\"http:\/\/yarimada.gen.tr\/wp-content\/uploads\/2016\/02\/Schulze2.png\" alt=\"Schulze2\" width=\"290\" height=\"279\" \/><\/a><\/p>\n<p>Daha sonraki ad\u0131mda adaylar\u0131n dolayl\u0131 kar\u015f\u0131la\u015ft\u0131rmas\u0131 yap\u0131l\u0131r. Buna g\u00f6re, AC aras\u0131ndaki do\u011frudan yolun de\u011feri 26&#8217;d\u0131r. Dolayl\u0131 yolda (AD \u2013 DC) ise zincirin en zay\u0131f halkas\u0131n\u0131 al\u0131r\u0131z ve A&#8217;y\u0131 C&#8217;ye tercih edenlerin say\u0131s\u0131n\u0131 28 olarak g\u00fcncelleriz. Bunu di\u011fer adaylar aras\u0131nda da tekrar etti\u011fimizde a\u015fa\u011f\u0131daki tablo olu\u015fur:<\/p>\n<p>&nbsp;<\/p>\n<p>&nbsp;<\/p>\n<table width=\"302\" cellspacing=\"0\" cellpadding=\"4\">\n<colgroup>\n<col width=\"41\" \/>\n<col width=\"42\" \/>\n<col width=\"42\" \/>\n<col width=\"42\" \/>\n<col width=\"42\" \/>\n<col width=\"42\" \/> <\/colgroup>\n<tbody>\n<tr valign=\"top\">\n<td bgcolor=\"#ffffff\" width=\"41\"><\/td>\n<td bgcolor=\"#ffffff\" width=\"42\">A<\/td>\n<td bgcolor=\"#ffffff\" width=\"42\">B<\/td>\n<td bgcolor=\"#ffffff\" width=\"42\">C<\/td>\n<td bgcolor=\"#ffffff\" width=\"42\">D<\/td>\n<td bgcolor=\"#ffffff\" width=\"42\">E<\/td>\n<\/tr>\n<tr valign=\"top\">\n<td bgcolor=\"#ffffff\" width=\"41\">A<\/td>\n<td bgcolor=\"#ffffff\" width=\"42\"><\/td>\n<td bgcolor=\"#e6e6e6\" width=\"42\">28<\/td>\n<td bgcolor=\"#e6e6e6\" width=\"42\">28<\/td>\n<td bgcolor=\"#e6e6e6\" width=\"42\">30<\/td>\n<td bgcolor=\"#ffffff\" width=\"42\">24<\/td>\n<\/tr>\n<tr valign=\"top\">\n<td bgcolor=\"#ffffff\" width=\"41\">B<\/td>\n<td bgcolor=\"#ffffff\" width=\"42\">25<\/td>\n<td bgcolor=\"#ffffff\" width=\"42\"><\/td>\n<td bgcolor=\"#ffffff\" width=\"42\">28<\/td>\n<td bgcolor=\"#e6e6e6\" width=\"42\">33<\/td>\n<td bgcolor=\"#ffffff\" width=\"42\">24<\/td>\n<\/tr>\n<tr valign=\"top\">\n<td bgcolor=\"#ffffff\" width=\"41\">C<\/td>\n<td bgcolor=\"#ffffff\" width=\"42\">25<\/td>\n<td bgcolor=\"#e6e6e6\" width=\"42\">29<\/td>\n<td bgcolor=\"#ffffff\" width=\"42\"><\/td>\n<td bgcolor=\"#e6e6e6\" width=\"42\">29<\/td>\n<td bgcolor=\"#ffffff\" width=\"42\">24<\/td>\n<\/tr>\n<tr valign=\"top\">\n<td bgcolor=\"#ffffff\" width=\"41\">D<\/td>\n<td bgcolor=\"#ffffff\" width=\"42\">25<\/td>\n<td bgcolor=\"#ffffff\" width=\"42\">28<\/td>\n<td bgcolor=\"#ffffff\" width=\"42\">28<\/td>\n<td bgcolor=\"#ffffff\" width=\"42\"><\/td>\n<td bgcolor=\"#ffffff\" width=\"42\">24<\/td>\n<\/tr>\n<tr valign=\"top\">\n<td bgcolor=\"#ffffff\" width=\"41\">E<\/td>\n<td bgcolor=\"#e6e6e6\" width=\"42\">25<\/td>\n<td bgcolor=\"#e6e6e6\" width=\"42\">28<\/td>\n<td bgcolor=\"#e6e6e6\" width=\"42\">28<\/td>\n<td bgcolor=\"#e6e6e6\" width=\"42\">31<\/td>\n<td bgcolor=\"#ffffff\" width=\"42\"><\/td>\n<\/tr>\n<\/tbody>\n<\/table>\n<p>Buna g\u00f6re se\u00e7im sonucu, E A C B D olur (Ayr\u0131nt\u0131l\u0131 bilgi i\u00e7in bkz. <a href=\"https:\/\/en.wikipedia.org\/wiki\/Schulze_method\">https:\/\/en.wikipedia.org\/wiki\/Schulze_method<\/a>).<\/p>\n<p>Debian Anayasas\u0131&#8217;nda yer alan bu se\u00e7im y\u00f6ntemi, klasik \u00e7o\u011funlu\u011fa g\u00f6re daha ba\u015far\u0131l\u0131 olmas\u0131na kar\u015f\u0131n se\u00e7im Debian toplulu\u011funda \u00e7ok fazla tercih edilen bir y\u00f6ntem de\u011fildir. Herhangi bir konuda karar al\u0131nmas\u0131 gerekti\u011finde ise duruma g\u00f6re \u00fc\u00e7 farkl\u0131 y\u00f6ntemden biri uygulanmaktad\u0131r: Demokratik \u00e7o\u011fulculuk, meritokrasi ve tart\u0131\u015fmalar sonucu oyda\u015fma sa\u011flamak.<\/p>\n<p>Coleman (2013) Debian i\u00e7i bir\u00e7ok krizin, bu \u00fc\u00e7 y\u00f6ntem aras\u0131ndaki gerilimden kaynakland\u0131\u011f\u0131n\u0131 yazmaktad\u0131r. Demokratik \u00e7o\u011fulculuk, proje liderinin se\u00e7imi ve Debian&#8217;\u0131n b\u00fct\u00fcn\u00fcn\u00fc ilgilendiren kararlar\u0131n al\u0131nmas\u0131 i\u00e7in kullan\u0131lmaktad\u0131r. Her geli\u015ftirici e\u015fittir. Ama teknik konularda oylamaya ba\u015fvurman\u0131n verimsiz ve uygun olmayan bir y\u00f6ntem oldu\u011fu d\u00fc\u015f\u00fcn\u00fclmektedir. Bir\u00e7ok \u00f6zg\u00fcr yaz\u0131l\u0131m projesinde meritokrasi yani y\u00f6netim g\u00fcc\u00fcn\u00fcn\u00fcn ki\u015finin bilgi ve yeteneklerine dayand\u0131\u011f\u0131 y\u00f6netim bi\u00e7imi tercih edilmektedir. Debian&#8217;\u0131n ilk g\u00fcnlerinde egemen olan yakla\u015f\u0131m meritokrasidir. Fakat teknik beceriye \u00f6nem veren topluluklarda, g\u00f6r\u00fcn\u00fcrde herkesin e\u015fit oy hakk\u0131 olmas\u0131na ra\u011fmen bilgi, beceri ve adanm\u0131\u015fl\u0131k \u00f6zellikleri nedeniyle baz\u0131 \u00fcyeler sivrilebilmekte, topluluk i\u00e7inde hiyerar\u015fik bir yap\u0131 olu\u015fmakta ve di\u011fer \u00fcyeler ustalar kar\u015f\u0131s\u0131nda sessizli\u011fe b\u00fcr\u00fcnmektedir. Ustalar kar\u015f\u0131s\u0131ndaki sessizlik zamanla ustalar\u0131n yozla\u015fmas\u0131na neden olabilmektedir. IRC kanallar\u0131nda, e-posta listelerinde ve bug raporlar\u0131ndaki tart\u0131\u015fmalar neticesinde oyda\u015fma sa\u011flanmas\u0131 ise daha \u00e7ok tercih edilen bir y\u00f6ntem olmas\u0131na kar\u015f\u0131n sonu\u00e7 al\u0131nmas\u0131 daha zor olabilmektedir. Projede \u015feffafl\u0131k, temel teknik kararlar, \u00f6zg\u00fcrl\u00fc\u011f\u00fcn anlam\u0131 ve kapsam\u0131, s\u0131radan geli\u015ftiricilerle yetkili geli\u015ftiriciler aras\u0131ndaki ili\u015fkiler konusunda zaman zaman tart\u0131\u015fmalar ya\u015fanmaktad\u0131r. Geli\u015ftiriciler ortak etik ilkelere sahiptir. Ama bu ilkelerin uygulanmas\u0131nda fikir ayr\u0131l\u0131klar\u0131 \u00e7\u0131kabilmektedir. Her zaman bir sonuca var\u0131lamasa da bu tart\u0131\u015fma s\u00fcre\u00e7leri, insanlar\u0131n d\u00fc\u015f\u00fcncelerini yeniden g\u00f6zden ge\u00e7irmesine yard\u0131mc\u0131 olmakta, b\u00f6ylece ki\u015fisel ve \u00f6rg\u00fctsel geli\u015fime katk\u0131 sa\u011flamaktad\u0131r (age).<\/p>\n<p>Tekrar Debian Anayasas\u0131&#8217;na d\u00f6nersek&#8230; \u00d6rg\u00fct i\u00e7i demokrasi krizi projedeki g\u00f6rev ve sorumluluklar\u0131n belirlenmesiyle a\u015f\u0131lm\u0131\u015ft\u0131r. Kriz ve \u00e7\u00f6z\u00fcm s\u00fcre\u00e7leri Coleman&#8217;\u0131n (2013) vurgulad\u0131\u011f\u0131 gibi Debian&#8217;\u0131n olu\u015fumunda belirleyicidir. Krizler, kimi zaman olduk\u00e7a sert ve ac\u0131mas\u0131z tart\u0131\u015fmalara neden olmas\u0131na ra\u011fmen Debian&#8217;\u0131n geli\u015fimi i\u00e7in verimli bir ortam sunmakta, \u00f6rg\u00fctsel yenilenmeyi sa\u011flamaktad\u0131r.<\/p>\n<p>Bu kriz, hen\u00fcz yeni atlat\u0131lm\u0131\u015fken 1998-1999 y\u0131llar\u0131 aras\u0131nda Debian bir ba\u015fka b\u00fcy\u00fck krizle kar\u015f\u0131 kar\u015f\u0131ya kal\u0131r. Projeye kat\u0131l\u0131mlar h\u0131zla artmaktad\u0131r. Eski geli\u015ftiriciler, yeni gelenlerin yetersizli\u011finden \u015fikayet\u00e7idir. Sorun sadece teknik yetersizlikler de de\u011fildir. \u00d6zg\u00fcr yaz\u0131l\u0131m felsefesini i\u00e7selle\u015ftirememi\u015f yeni geli\u015ftiriciler projenin hedeflerine ayk\u0131r\u0131 katk\u0131larda bulunabilmektedir. Debian hesaplar\u0131ndan sorumlu g\u00f6revli, projeye yeni kat\u0131l\u0131mlar\u0131 durdurmak zorunda kal\u0131r.<\/p>\n<h2>Yeni Geli\u015ftirici S\u00fcreci<\/h2>\n<p>Debian&#8217;\u0131n d\u00f6rd\u00fcnc\u00fc lideri olan Wichert Akkerman 17 Ekim 1999 tarihinde Debian listesine att\u0131\u011f\u0131 e-postada yeni geli\u015ftiriciler i\u00e7in bir kat\u0131l\u0131m s\u00fcreci tasla\u011f\u0131 sunmaktad\u0131r. Olduk\u00e7a ayr\u0131nt\u0131l\u0131 olan YGS&#8217;de (Yeni Geli\u015ftirici S\u00fcreci), geli\u015ftirici aday\u0131n\u0131n a\u015fa\u011f\u0131daki \u015fartlar\u0131 yerine getirmesi beklenmektedir (<a href=\"https:\/\/lists.debian.org\/debian-project\/1999\/10\/msg00003.html\">https:\/\/lists.debian.org\/debian-project\/1999\/10\/msg00003.html<\/a>):<\/p>\n<ul>\n<li>\u00d6zg\u00fcr yaz\u0131l\u0131m hakk\u0131nda g\u00fc\u00e7l\u00fc bir g\u00f6r\u00fc\u015fe sahip olmal\u0131d\u0131r.<\/li>\n<li>\u00d6zg\u00fcr yaz\u0131l\u0131m hakk\u0131nda g\u00fc\u00e7l\u00fc bir g\u00f6r\u00fc\u015fe sahip olmal\u0131d\u0131r.<\/li>\n<li>Uzun mesafeli telefon g\u00f6r\u00fc\u015fmeleri yapmaya uygun ve istekli olmal\u0131d\u0131r.<\/li>\n<li>Ne yapt\u0131\u011f\u0131n\u0131 biliyor olmal\u0131d\u0131r<\/li>\n<li>Ona, herhangi bir aktif geli\u015ftiriciden daha fazla g\u00fcven duyulmal\u0131d\u0131r.<\/li>\n<li>Yeni geli\u015ftiricinin, makinelerde bo\u015f hesaplar olu\u015fturmaktan daha \u00f6te bir \u015fey oldu\u011funu bilmelidir.<\/li>\n<\/ul>\n<p>YGS, toplulu\u011fa kat\u0131lmak isteyen kullan\u0131c\u0131 i\u00e7in teknik yeterlilik ve etik e\u011fitimidir. Teknik i\u015flerin nas\u0131l i\u015fledi\u011fini \u00f6\u011frenmek kadar etik konular\u0131n \u00f6\u011frenilmesi de \u00f6nemli olmaktad\u0131r. B\u00f6ylece yeni \u00fcyelerin toplulu\u011fa entegrasyonu, belirli davran\u0131\u015f kodlar\u0131n\u0131 ve prosed\u00fcrlerini \u00f6\u011frenmesi ve bir g\u00fcven ili\u015fkisinin olu\u015fmas\u0131 kolayla\u015facakt\u0131r.<\/p>\n<p>\u0130lk madde yanl\u0131\u015fl\u0131kla de\u011fil, \u00f6zellikle tekrarlanm\u0131\u015ft\u0131r. Yeni geli\u015ftiricinin, herhangi bir da\u011f\u0131t\u0131m de\u011fil, \u00f6zg\u00fcr yaz\u0131l\u0131mlardan olu\u015fan bir da\u011f\u0131t\u0131m olu\u015fturmak i\u00e7in Debian&#8217;da oldu\u011funu bilmesi gerekmektedir.<\/p>\n<p>YGS&#8217;nin birinci a\u015famas\u0131nda, geli\u015ftirici olmak isteyen ki\u015finin Debian&#8217;a olan ilgisini ve bulunaca\u011f\u0131 katk\u0131y\u0131 anlatan bir ba\u015fvuru yapmas\u0131 gerekmektedir. Ba\u015fvurular Debian&#8217;daki Yeni Geli\u015ftirici Komitesi&#8217;ne gelecek ve ba\u015fvuru s\u0131ras\u0131na g\u00f6re Komite ya da komite yard\u0131mc\u0131lar\u0131ndan biri taraf\u0131ndan de\u011ferlendirilecektir.<\/p>\n<p>\u0130kinci a\u015famada, ba\u015fvuran ki\u015finin kimli\u011fi saptanacakt\u0131r. Bu a\u015famada Komite farkl\u0131 kimlik saptama se\u00e7eneklerine ba\u015fvurabilir. \u00d6rne\u011fin pgp ya da gpg anahtar\u0131n\u0131n kay\u0131tl\u0131 bir Debian geli\u015ftiricisi taraf\u0131ndan imzalanm\u0131\u015f olmas\u0131 kimlik tespitinde kullan\u0131labilir. Ayr\u0131ca bu a\u015famada geli\u015ftirici aday\u0131yla telefonla ileti\u015fime ge\u00e7ilmektedir.<\/p>\n<p>\u00dc\u00e7\u00fcnc\u00fc a\u015famada bir Debian geli\u015ftiricisinin dan\u0131\u015fmanl\u0131\u011f\u0131nda staj ba\u015flar. Eski geli\u015ftiricilerden biri Debian&#8217;a yeniden kat\u0131lmak istedi\u011finde bu a\u015fama atlanabilir. Geli\u015ftirici aday\u0131na kendini ispatlamas\u0131 i\u00e7in f\u0131rsat verilecek ve dan\u0131\u015fman, aday\u0131n geli\u015fimini takip edecektir. Dan\u0131\u015fman bu a\u015famada aday\u0131n yaln\u0131zca teknik bilgisini (\u201cpaketlerin haz\u0131rlanmas\u0131\u201d) takip etmekle kalmayacak, Debian Anayasas\u0131, Debian \u00d6zg\u00fcr Yaz\u0131l\u0131m Y\u00f6nergeleri ve uygulamalar\u0131 hakk\u0131ndaki bilgisini de takip edecektir.<\/p>\n<p>Son a\u015famada ise art\u0131k kullan\u0131c\u0131n\u0131n kimli\u011fi do\u011frulanm\u0131\u015f, geli\u015ftirici aday\u0131 bir Debian geli\u015ftiricisi olman\u0131n anlam\u0131n\u0131 kavram\u0131\u015ft\u0131r. Dan\u0131\u015fman\u0131n raporu do\u011frultusunda YGS tamamlan\u0131r.<\/p>\n<p>YGS bir test de\u011fil, s\u00fcre\u00e7tir. Aday bu s\u00fcre\u00e7te toplulu\u011fun de\u011ferlerini \u00f6\u011frenmekte, yasal konular\u0131 irdelemektedir. \u00d6rne\u011fin adaylardan, \u00f6zg\u00fcr yaz\u0131l\u0131mla tan\u0131\u015fmalar\u0131n\u0131 anlatmalar\u0131 istenmekte, adaya \u00f6zg\u00fcr yaz\u0131l\u0131m felsefesi ve Debian belgeleri hakk\u0131nda sorular sorulmakta, buradaki ilkeleri kendi s\u00f6zleriyle ifade etmesi istenmektedir. Aday\u0131n yasal konulardaki e\u011fitim s\u00fcrecinde adaya lisanslara ilgili \u00e7e\u015fitli sorular y\u00f6neltilmektedir: \u201cmpg123 Debian \u00d6zg\u00fcr Yaz\u0131l\u0131m Genelgesi&#8217;ne g\u00f6re neden \u00f6zg\u00fcr bir yaz\u0131l\u0131m de\u011fildir?\u201d gibi. \u00c7\u00fcnk\u00fc Debian&#8217;a geli\u015ftirici olarak kabul edildi\u011finde bu sorular, sorun olarak kar\u015f\u0131s\u0131na \u00e7\u0131kacakt\u0131r (Coleman, 2013).<\/p>\n<p>K\u0131sacas\u0131 YGS&#8217;nin \u00fc\u00e7 anlam\u0131 vard\u0131r: Ki\u015finin kimli\u011finin tespiti, t\u00f6rensel bir giri\u015f rit\u00fceli ve Debian i\u00e7indeki kurallar\u0131n ve teknik konular\u0131n \u00f6\u011frenilmesi (YGS&#8217;nin g\u00fcncel s\u00fcr\u00fcm\u00fc i\u00e7in bkz. https:\/\/www.debian.org\/devel\/join\/newmaint).<\/p>\n<p style=\"text-align: center;\">***<\/p>\n<p>D\u0131\u015far\u0131dan bakt\u0131\u011f\u0131m\u0131zda sadece \u00f6zg\u00fcr yaz\u0131l\u0131m geli\u015ftiren insanlar\u0131 ve \u00fcr\u00fcnlerini g\u00f6r\u00fcr\u00fcz. Coleman&#8217;\u0131n (2013) ayr\u0131nt\u0131l\u0131 bi\u00e7imde tart\u0131\u015ft\u0131\u011f\u0131 gibi \u00f6zg\u00fcr yaz\u0131l\u0131m geli\u015ftirme s\u00fcreci bu s\u00fcrecin i\u00e7inde yer alanlar\u0131 da de\u011fi\u015ftirmektedir. \u00d6zellikle Debian gibi, insan ne yapt\u0131\u011f\u0131n\u0131n bilincinde olarak eylemde bulunuyorsa bu de\u011fi\u015fim s\u00fcreci daha belirgin olmaktad\u0131r. D\u00fc\u015f\u00fcnmeden, sadece yaz\u0131l\u0131m geli\u015ftiriyorsa bu de\u011fi\u015fim hem s\u0131n\u0131rl\u0131 olacak hem de krizleri a\u015fmakta s\u0131k\u0131nt\u0131 ya\u015fayacaklard\u0131r.<\/p>\n<p>\u0130\u015fletim sistemini paketlerden olu\u015facak bir b\u00fct\u00fcn olarak tasarlama karar\u0131yla insanlar \u201cbir a\u011fa\u00e7 gibi tek ve h\u00fcr\u201d \u00e7al\u0131\u015fmaya ba\u015flam\u0131\u015f; krizler ve buna y\u00f6nelik \u00e7\u00f6z\u00fcmleriyle \u201cbir orman gibi karde\u015f\u00e7e\u201d \u00e7al\u0131\u015fman\u0131n yollar\u0131n\u0131 yaratm\u0131\u015flard\u0131r.<\/p>\n<p>Rahat uyu Ian Murdock&#8230;<\/p>\n<h3>Kaynaklar<\/h3>\n<p>Coleman, E. G. (2013).\u00a0Coding freedom: The ethics and aesthetics of hacking. Princeton University Press.<\/p>\n<p>O&#8217;Mahony, S., &amp; Ferraro, F. (2007). The emergence of governance in an open source community.\u00a0Academy of Management Journal,\u00a050(5), 1079-1106.<\/p>\n<p>Zacchiroli, S. (2011, July). Debian: 18 years of free software, do-ocracy, and democracy. In\u00a0Proceedings of the 2011 Workshop on Open Source and Design of Communication; New York, NY, USA: ACM\u00a0(pp. 87-87).<\/p>\n<p>&nbsp;<\/p>\n<p>&nbsp;<\/p>\n","protected":false},"excerpt":{"rendered":"<p>Debian GNU\/Linux da\u011f\u0131t\u0131m\u0131n\u0131n kurucusu Ian Murdock 28 Aral\u0131k 2015&#8217;te, 42 ya\u015f\u0131nda aram\u0131zdan ayr\u0131ld\u0131. \u00d6l\u00fcm nedeni hakk\u0131nda fazla bilgi sahibi de\u011filim. Sadece San Francisco&#8217;da ya\u015fayan Ian Murdock&#8217;un polis \u015fiddetine maruz kald\u0131\u011f\u0131n\u0131 ve sonras\u0131nda intihar etti\u011fini biliyorum (http:\/\/techaeris.com\/2015\/12\/28\/debian-founder-ian-murdocks-tweets-raising-eyebrows\/). Ian Murdock bir Steve Jobs de\u011fildi. \u00d6l\u00fcm\u00fcn\u00fcn o kadar haber de\u011feri yoktu. Okullarda onun i\u00e7in anma t\u00f6renleri de d\u00fczenlenmedi (bkz. http:\/\/www.kartalgazetesi.com\/15679-ahmet-simsek-koleji-teknoloji-kulubu-mr-steve-jobs%E2%80%99u-anma-toreni-duzenledi). GNU\/Linux&#8217;u biraz duymu\u015f olanlar i\u00e7inse Ian Murdock sadece y\u00fczlerce da\u011f\u0131t\u0131mdan biri olan Debian&#8217;\u0131n kurucusuydu.<\/p>\n","protected":false},"author":1,"featured_media":0,"comment_status":"open","ping_status":"open","sticky":false,"template":"","format":"standard","meta":{"footnotes":""},"categories":[70,3,116],"tags":[128,48,129,56],"class_list":["post-435","post","type-post","status-publish","format-standard","hentry","category-emek","category-ozgur_yazilim","category-teknoloji-tarihi","tag-debian","tag-gnulinux","tag-ian-murdock","tag-orgutlenme"],"_links":{"self":[{"href":"http:\/\/yarimada.gen.tr\/index.php?rest_route=\/wp\/v2\/posts\/435","targetHints":{"allow":["GET"]}}],"collection":[{"href":"http:\/\/yarimada.gen.tr\/index.php?rest_route=\/wp\/v2\/posts"}],"about":[{"href":"http:\/\/yarimada.gen.tr\/index.php?rest_route=\/wp\/v2\/types\/post"}],"author":[{"embeddable":true,"href":"http:\/\/yarimada.gen.tr\/index.php?rest_route=\/wp\/v2\/users\/1"}],"replies":[{"embeddable":true,"href":"http:\/\/yarimada.gen.tr\/index.php?rest_route=%2Fwp%2Fv2%2Fcomments&post=435"}],"version-history":[{"count":2,"href":"http:\/\/yarimada.gen.tr\/index.php?rest_route=\/wp\/v2\/posts\/435\/revisions"}],"predecessor-version":[{"id":439,"href":"http:\/\/yarimada.gen.tr\/index.php?rest_route=\/wp\/v2\/posts\/435\/revisions\/439"}],"wp:attachment":[{"href":"http:\/\/yarimada.gen.tr\/index.php?rest_route=%2Fwp%2Fv2%2Fmedia&parent=435"}],"wp:term":[{"taxonomy":"category","embeddable":true,"href":"http:\/\/yarimada.gen.tr\/index.php?rest_route=%2Fwp%2Fv2%2Fcategories&post=435"},{"taxonomy":"post_tag","embeddable":true,"href":"http:\/\/yarimada.gen.tr\/index.php?rest_route=%2Fwp%2Fv2%2Ftags&post=435"}],"curies":[{"name":"wp","href":"https:\/\/api.w.org\/{rel}","templated":true}]}}