{"id":328,"date":"2013-11-07T23:42:28","date_gmt":"2013-11-07T21:42:28","guid":{"rendered":"http:\/\/yarimada.gen.tr\/?p=328"},"modified":"2014-04-08T00:13:52","modified_gmt":"2014-04-07T21:13:52","slug":"facebookta-olmak-ya-da-olmamak","status":"publish","type":"post","link":"https:\/\/yarimada.gen.tr\/?p=328","title":{"rendered":"Facebook&#8217;ta Olmak ya da Olmamak"},"content":{"rendered":"<p>Birka\u00e7 ay \u00f6ncesine kadar \u00e7o\u011funlukla magazin haberleriyle g\u00fcndeme gelen sosyal a\u011flar1, \u015fimdi \u00e7etin bir politik m\u00fccadelenin alan\u0131 haline gelmi\u015f durumda. \u0130ktidar, her yeri Taksim yapan sosyal a\u011flar\u0131n g\u00fcc\u00fcn\u00fcn fark\u0131nda ve haziran g\u00fcnlerinden beri sosyal a\u011flar\u0131 kontrol etmeye y\u00f6nelik \u00e7al\u0131\u015fmalar yap\u0131yor. Bu \u00e7al\u0131\u015fmalar, sosyal a\u011flarda hegemonya olu\u015fturma giri\u015fimlerinden eylemcilerin g\u00f6zetimine kadar geni\u015f bir yelpazede ger\u00e7ekle\u015fiyor.<\/p>\n<p><!--more--><\/p>\n<p>\u0130ktidar\u0131n ya\u015fad\u0131klar\u0131ndan bir \u015feyler \u00f6\u011frendi\u011fi g\u00f6r\u00fclmesine ra\u011fmen ayn\u0131s\u0131n\u0131 muhalefet i\u00e7in s\u00f6ylemek zor. Ge\u00e7ti\u011fimiz g\u00fcnlerde toplumsal muhalefete, \u00f6zellikle de K\u00fcrt muhalefetine, ait \u00e7e\u015fitli sosyal medya hesaplar\u0131n\u0131n kapat\u0131lmas\u0131 g\u00f6z ard\u0131 edilmemesi gereken bir uyar\u0131yd\u0131. Facebook y\u00f6netimi, BDP&#8217;nin kurumsal sayfas\u0131n\u0131, pornografik i\u00e7erik bar\u0131nd\u0131rd\u0131\u011f\u0131 gerek\u00e7esiyle kapatmakla kalmam\u0131\u015f BDP&#8217;ye ait 180 bin takip\u00e7ili di\u011fer Facebook sayfas\u0131 da Facebook kurallar\u0131n\u0131 ihlal etti\u011fi iddias\u0131yla kapat\u0131lm\u0131\u015ft\u0131. BDP, Facebook&#8217;a itiraz ederken \u00fc\u00e7\u00fcnc\u00fc sayfas\u0131 da gerek\u00e7e g\u00f6sterilmeden kapat\u0131ld\u0131 (<a href=\"http:\/\/siyaset.milliyet.com.tr\/bdp-sayfalari-geri-istedi\/siyaset\/detay\/1766691\/default.htm\">http:\/\/siyaset.milliyet.com.tr\/bdp-sayfalari-geri-istedi\/siyaset\/detay\/1766691\/default.htm<\/a>). BDP Genel Ba\u015fkan Yard\u0131mc\u0131s\u0131 Filiz Ko\u00e7ali, Facebook yetkilileriyle yapt\u0131klar\u0131 g\u00f6r\u00fc\u015fmede, kapat\u0131lan sayfalar\u0131n\u0131n yeniden a\u00e7\u0131lmas\u0131n\u0131 ve \u201cFacebook&#8217;un \u00f6nceki daha \u00f6zg\u00fcrl\u00fck\u00e7\u00fc politikas\u0131na geri d\u00f6nmesi ve gelen \u015fikayetleri de\u011ferlendirirken iyi tan\u0131mlanm\u0131\u015f kriterlere g\u00f6re \u00f6zg\u00fcrl\u00fck\u00e7\u00fc yorumlar yapmas\u0131n\u0131\u201d talep ettiklerini s\u00f6yledi (<a href=\"http:\/\/haber.gazetevatan.com\/facebooktan-bdpye-sok\/570738\/1\/gundem\">http:\/\/haber.gazetevatan.com\/facebooktan-bdpye-sok\/570738\/1\/gundem<\/a>).<\/p>\n<p>Alternatif Bili\u015fim Derne\u011fi&#8217;nin 4 Eyl\u00fcl 2013 tarihinde yapt\u0131\u011f\u0131 bas\u0131n a\u00e7\u0131klamas\u0131nda ise Facebook&#8217;un i\u00e7erik denetim politikalar\u0131n\u0131n ve politik gruplar\u0131n sayfalar\u0131na y\u00f6nelik yapt\u0131r\u0131mlar\u0131n ifade \u00f6zg\u00fcrl\u00fc\u011f\u00fcn\u00fc tehdit etti\u011fi belirtiliyordu. A\u00e7\u0131klamada, \u201ck\u00fcresel n\u00fcfusa sahip \u00e7evrimi\u00e7i bir sosyal a\u011f\u0131n nesnellikten uzak \u015fekilde denetime tabi tutulmas\u0131 kabul edilemez\u201d oldu\u011fu vurgulan\u0131rken kullan\u0131c\u0131lar \u0130nternet&#8217;e sahip \u00e7\u0131kmaya \u00e7a\u011fr\u0131l\u0131yor ve a\u00e7\u0131klama \u201cFacebook gibi ticari tekellerin hem \u0130nternet&#8217;i hem de kullan\u0131m pratiklerimizi daraltmas\u0131na izin vermeyelim.\u201d s\u00f6zleriyle son buluyordu (<a href=\"www.alternatifbilisim.org\/wiki\/Facebook'un_\u00f6nceli\u011fi_kullan\u0131c\u0131lar_olmal\">www.alternatifbilisim.org\/wiki\/Facebook&#8217;un_\u00f6nceli\u011fi_kullan\u0131c\u0131lar_olmal<\/a>\u0131).<\/p>\n<p>Alternatif Bili\u015fim Derne\u011fi&#8217;nin kayg\u0131lar\u0131n\u0131 payla\u015fmama ra\u011fmen hem yap\u0131lan bas\u0131n a\u00e7\u0131klamas\u0131n\u0131n hem de Ko\u00e7ali&#8217;nin s\u00f6zlerinin, k\u00fcresel bir g\u00f6zetim ayg\u0131t\u0131 olan Facebook&#8217;u me\u015frula\u015ft\u0131rd\u0131\u011f\u0131n\u0131 d\u00fc\u015f\u00fcn\u00fcyorum. Yaz\u0131l\u0131m \u00d6zg\u00fcrl\u00fc\u011f\u00fc Hukuk Merkezi&#8217;nden (Software Freedom Law Center) Eben Moglen&#8217;\u0131n s\u00f6yledi\u011fi gibi Facebook&#8217;un kurucusu Mark Zuckerberg, insanl\u0131\u011fa b\u00fcy\u00fck bir zarar vermektedir. \u0130nternet kullan\u0131c\u0131lar\u0131na web alan\u0131 sa\u011flanmakta, ellerine birka\u00e7 oyuncak verilmekte ve bunlar\u0131n kar\u015f\u0131l\u0131\u011f\u0131n\u0131 ki\u015fisel bilgileri ile \u00f6demeleri istenmektedir. Facebook&#8217;u \u201ciyi\u201d olmaya davet etmek yerine insanlar\u0131n bu a\u011fdan \u00f6zg\u00fcrle\u015fmesi i\u00e7in \u00e7aba g\u00f6stermek gerekirdi.<\/p>\n<p>\u0130kincisi, Facebook s\u0131radan bir web sitesi olsa bile sonu\u00e7ta bir \u015firkettir. Kararlar\u0131n\u0131 al\u0131rken insan haklar\u0131n\u0131 de\u011fil, ba\u015fka kriterleri g\u00f6z \u00f6n\u00fcnde bulunduracakt\u0131r. Dolay\u0131s\u0131yla, Facebook ile masaya otururken ya da onu \u201ciyi\u201d olmaya \u00e7a\u011f\u0131r\u0131rken, onu buna zorlayacak g\u00fcc\u00fcn\u00fcz\u00fcn olmas\u0131 laz\u0131m. Boykot yapacak ya da kullan\u0131c\u0131lar\u0131 ba\u015fka bir sosyal a\u011fa ta\u015f\u0131yacak g\u00fc\u00e7ten yoksunsan\u0131z Facebook&#8217;u taleplerinizi dikkate almaya ikna edemezsiniz.<\/p>\n<p>\u00d6zg\u00fcr yaz\u0131l\u0131m ve \u00f6zel m\u00fclk yaz\u0131l\u0131m aras\u0131ndaki m\u00fccadele, Microsoft Windows ve GNU\/Linux i\u015fletim sistemlerinde cisimle\u015fir. Ba\u015fka \u00f6zel m\u00fclk ve \u00f6zg\u00fcr i\u015fletim sistemleri olmas\u0131na ra\u011fmen ikisi m\u00fccadelenin ba\u015fl\u0131ca akt\u00f6rleri olarak g\u00f6r\u00fcl\u00fcr. Bug\u00fcn benzer bir m\u00fccadele merkeziyet\u00e7i a\u011flarla ademi-merkeziyet\u00e7i a\u011flar aras\u0131nda ger\u00e7ekle\u015fmektedir. Facebook ve Twitter, merkeziyet\u00e7i a\u011flar\u0131n en ileri \u00f6rne\u011fiyken, Friendica, Diaspora ve pump.io \u00f6ne \u00e7\u0131kan ademi-merkeziyet\u00e7i a\u011flard\u0131r. Her iki m\u00fccadele de \u00f6z\u00fcnde ayn\u0131d\u0131r. Bili\u015fim teknolojilerinin kontrol\u00fc kimin elinde olacakt\u0131r: \u015eirketlerde mi kullan\u0131c\u0131larda m\u0131?<\/p>\n<p>Yaz\u0131n\u0131n ilk b\u00f6l\u00fcm\u00fcnde, merkeziyet\u00e7i a\u011flar\u0131 Facebook \u00f6zelinde ele alaca\u011f\u0131m ve sans\u00fcr vakalar\u0131n\u0131n as\u0131l nedeninin Facebook&#8217;un iyi y\u00f6netilememesi de\u011fil, merkeziyet\u00e7i do\u011fas\u0131n\u0131n do\u011fal bir sonucu oldu\u011funu g\u00f6stermeye \u00e7al\u0131\u015faca\u011f\u0131m. Benzer sans\u00fcr vakalar\u0131na, hesaplar\u0131n hi\u00e7bir a\u00e7\u0131klama getirilmeden kapat\u0131lmas\u0131na Arap Bahar\u0131&#8217;nda da s\u0131k\u00e7a rastlan\u0131ld\u0131 (Cabello ve di\u011ferleri, 2013).<\/p>\n<p>\u0130kinci b\u00f6l\u00fcmde ise Facebook ve merkeziyet\u00e7i sosyal a\u011flara y\u00f6neltilen ele\u015ftirilerden yola \u00e7\u0131karak ademi merkeziyet\u00e7i sosyal a\u011flar\u0131 tan\u0131taca\u011f\u0131m. Ademi-merkeziyet\u00e7i a\u011flar\u0131 daha iyi kavrayabilmek i\u00e7in Diaspora* (<a href=\"https:\/\/diasporafoundation.org\/\">https:\/\/diasporafoundation.org\/<\/a>) ve Friendica (<a href=\"http:\/\/friendica.com\">http:\/\/friendica.com<\/a>) a\u011flar\u0131nda iki \u00f6rnek hesap yarataca\u011f\u0131z.<\/p>\n<p>Diaspora* ve Friendica, GNU\/Linux ve LibreOffice&#8217;e (ya da Open Office) benzer bir strateji uyguluyor. Bir\u00e7ok GNU\/Linux kullan\u0131c\u0131s\u0131, GNU\/Linux&#8217;la bilgisayarlar\u0131ndaki Windows&#8217;un yan\u0131na GNU\/Linux da\u011f\u0131t\u0131mlar\u0131n\u0131 kurarak ya da CD&#8217;den \u00e7al\u0131\u015fan GNU\/Linux da\u011f\u0131t\u0131mlar\u0131n\u0131 deneyerek tan\u0131\u015ft\u0131. LibreOffice , a\u00e7\u0131k standartlara uygun dosyalar d\u0131\u015f\u0131nda Microsoft&#8217;un doc, xls, ppt uzant\u0131l\u0131 dosyalar\u0131n\u0131 da a\u00e7ma ve dosyalar\u0131 bu uzant\u0131larla kaydetme \u00f6zelli\u011fine sahip olmasayd\u0131 bug\u00fcn bu kadar yayg\u0131n olamazd\u0131. Diaspora* ve Friendica da mesajlar\u0131n\u0131z\u0131 ayn\u0131 anda Facebook&#8217;a ve Twitter&#8217;a y\u00f6nlendirerek ge\u00e7i\u015f s\u00fcrecini kolayla\u015ft\u0131r\u0131yor.<\/p>\n<h2>Facebook&#8217;a Hay\u0131r!<\/h2>\n<p>Sosyal a\u011flar \u00e7a\u011f\u0131, 1997 y\u0131l\u0131nda alt\u0131 ad\u0131m teorisinden esinlenerek kurulan SixDegrees.com ile ba\u015flad\u0131. Fakat yayg\u0131nla\u015famayarak 2000 y\u0131l\u0131nda kapand\u0131. 2002 y\u0131l\u0131nda kurulan Friendster k\u0131sa bir s\u00fcre i\u00e7inde pop\u00fclerle\u015fti ve sadece birka\u00e7 ay i\u00e7inde 3 milyon kullan\u0131c\u0131ya eri\u015fti. Friendster&#8217;in ba\u015far\u0131s\u0131ndan sonra arka arkaya yeni sosyal a\u011flar \u00e7\u0131kt\u0131: Myspace, LinkedIn, Orkut, Twitter, Facebook, Google+, Youtube, Yahoo! 360. Bug\u00fcn \u00f6zellikle Twitter ve Facebook kullan\u0131c\u0131 say\u0131lar\u0131n\u0131n fazlal\u0131\u011f\u0131yla dikkat \u00e7ekiyor. \u00d6rne\u011fin 2012&#8217;nin ekim ay\u0131nda aktif Facebook kullan\u0131c\u0131lar\u0131n\u0131n say\u0131s\u0131 1 milyar civar\u0131ndayd\u0131. 2012 eyl\u00fcl\u00fcnde g\u00fcnl\u00fck ortalama aktif kullan\u0131c\u0131 say\u0131 ise 584 milyon oldu (Moreira, 2012).<\/p>\n<p><a href=\"http:\/\/prism-break.org\/\">http:\/\/prism-break.org\/<\/a> sitesinde h\u00fck\u00fcmetlerin g\u00f6zetimini kolayla\u015ft\u0131ran ve buna olanak sa\u011flayan teknolojiler hakk\u0131nda bilgi veriliyor. Bilgisayar kullan\u0131c\u0131lar\u0131n\u0131n g\u00f6zetime kar\u015f\u0131 kullanabilece\u011fi teknolojiler \u00f6neriliyor. \u00d6nerilen teknolojilerin b\u00fcy\u00fck bir b\u00f6l\u00fcm\u00fcn\u00fcn kullan\u0131m\u0131 olduk\u00e7a kolay. Sitede, \u015firketlerin kontrol\u00fcndeki merkeziyet\u00e7i a\u011flar tehlikeli teknolojiler aras\u0131nda g\u00f6steriliyor. Yaln\u0131z Facebook de\u011fil, di\u011fer sosyal a\u011flar (Google+, LinkedIn, Twitter) da kullan\u0131c\u0131lar ve insanl\u0131k i\u00e7in b\u00fcy\u00fck riskler ta\u015f\u0131yor. Fakat Facebook, \u00fclkemizdeki yayg\u0131nl\u0131\u011f\u0131, dokunulmazl\u0131\u011f\u0131 ve sahip oldu\u011fu verinin b\u00fcy\u00fckl\u00fc\u011f\u00fc nedeniyle bir \u00f6nceli\u011fi hakkediyor. Ancak burada Facebook&#8217;a y\u00f6neltilen ele\u015ftirilerin \u00e7o\u011fu muhalif medyam\u0131z\u0131n g\u00f6zdesi Twitter i\u00e7in de ge\u00e7erli. \u00c7\u00fcnk\u00fc yukar\u0131da da belirtti\u011fim gibi sorunun kayna\u011f\u0131 y\u00f6netimsel de\u011fil, s\u00f6z konusu sosyal a\u011flar\u0131n merkeziyet\u00e7ili\u011fi.<\/p>\n<p>Peki a\u011f\u0131n merkeziyet\u00e7ili\u011fi ne anlama geliyor?<\/p>\n<p>Facebook&#8217;ta bir hesap olu\u015fturdu\u011funuzda kendinize Facebook sunucular\u0131nda bir yer a\u00e7ars\u0131n\u0131z. Facebook&#8217;taki t\u00fcm payla\u015f\u0131mlar\u0131n\u0131z ve arkada\u015fl\u0131klar\u0131n\u0131z yine sizin i\u00e7in ayr\u0131lan bu b\u00f6l\u00fcmde saklan\u0131r. Ba\u015fka bir kullan\u0131c\u0131n\u0131n profil bilgilerine eri\u015fmek istedi\u011finizde bu talebinizi Facebook sunucular\u0131na iletirsiniz. Ayr\u0131ca Facebook a\u011f\u0131ndaki eylemleriniz ve kullanabilece\u011finiz uygulamalar, Facebook taraf\u0131ndan belirlenen kurallara uymak zorundad\u0131r. Merkeziyet\u00e7i sosyal a\u011flar a\u015fa\u011f\u0131daki gibidir:<\/p>\n<figure id=\"attachment_329\" aria-describedby=\"caption-attachment-329\" style=\"width: 300px\" class=\"wp-caption aligncenter\"><a href=\"http:\/\/yarimada.gen.tr\/wp-content\/uploads\/2014\/04\/Facebook1.png\"><img loading=\"lazy\" decoding=\"async\" class=\"size-medium wp-image-329\" alt=\"Resim 1: Merkeziyet\u00e7i Sosyal A\u011f (Kaynak: Diaspora*)\" src=\"http:\/\/yarimada.gen.tr\/wp-content\/uploads\/2014\/04\/Facebook1-300x120.png\" width=\"300\" height=\"120\" srcset=\"https:\/\/yarimada.gen.tr\/wp-content\/uploads\/2014\/04\/Facebook1-300x120.png 300w, https:\/\/yarimada.gen.tr\/wp-content\/uploads\/2014\/04\/Facebook1.png 401w\" sizes=\"auto, (max-width: 300px) 100vw, 300px\" \/><\/a><figcaption id=\"caption-attachment-329\" class=\"wp-caption-text\">Resim 1: Merkeziyet\u00e7i Sosyal A\u011f (Kaynak: Diaspora*)<\/figcaption><\/figure>\n<p>Bu ba\u011flamda, merkeziyet\u00e7i bir a\u011f olan Facebook&#8217;a y\u00f6neltilen ele\u015ftirileri iki ba\u015fl\u0131k alt\u0131nda toplayabiliriz. Birincisi, PRISM skandal\u0131yla tekrar g\u00fcndeme geldi\u011fi gibi Facebook, \u00f6zg\u00fcrl\u00fcklerimizi geli\u015ftiren de\u011fil, tam tersine g\u00f6zetim pratikleriyle onu tehdit eden bir \u015firkettir. \u0130kincisi, Facebook&#8217;ta t\u00fcm g\u00fc\u00e7 \u015firketin elindedir, kullan\u0131c\u0131lar kendi verilerine bir sahip de\u011fildir. Sans\u00fcrler sonras\u0131nda g\u00f6r\u00fcld\u00fc ki Facebook&#8217;u iyi olmaya \u00e7a\u011f\u0131rmaktan ba\u015fka bir \u015fey gelmiyor elimizden. A\u011fa ba\u011f\u0131ml\u0131l\u0131\u011f\u0131m\u0131z artt\u0131k\u00e7a, kendi gelece\u011fimizi belirleme g\u00fcc\u00fcm\u00fcz\u00fc kaybediyoruz.<\/p>\n<p>David Simonds&#8217;un Economist&#8217;teki (2008) karikat\u00fcr\u00fc sosyal a\u011flar\u0131n \u00f6zg\u00fcrle\u015ftiren de\u011fil, \u00f6zg\u00fcrl\u00fckleri s\u0131n\u0131rland\u0131ran yap\u0131s\u0131n\u0131, u\u00e7suz bucaks\u0131z \u0130nternet&#8217;in i\u00e7inde \u00f6r\u00fclen duvarlar\u0131 g\u00f6zler \u00f6n\u00fcne seriyor:<\/p>\n<figure id=\"attachment_330\" aria-describedby=\"caption-attachment-330\" style=\"width: 300px\" class=\"wp-caption aligncenter\"><a href=\"http:\/\/yarimada.gen.tr\/wp-content\/uploads\/2014\/04\/Facebook2.png\"><img loading=\"lazy\" decoding=\"async\" class=\"size-medium wp-image-330\" alt=\"Resim 2: Duvarl\u0131 Bah\u00e7eler (Kaynak: David Simondi, Econmist 19 May\u0131s 2008)\" src=\"http:\/\/yarimada.gen.tr\/wp-content\/uploads\/2014\/04\/Facebook2-300x211.png\" width=\"300\" height=\"211\" srcset=\"https:\/\/yarimada.gen.tr\/wp-content\/uploads\/2014\/04\/Facebook2-300x211.png 300w, https:\/\/yarimada.gen.tr\/wp-content\/uploads\/2014\/04\/Facebook2.png 360w\" sizes=\"auto, (max-width: 300px) 100vw, 300px\" \/><\/a><figcaption id=\"caption-attachment-330\" class=\"wp-caption-text\">Resim 2: Duvarl\u0131 Bah\u00e7eler (Kaynak: David Simondi, Econmist 19 May\u0131s 2008)<\/figcaption><\/figure>\n<p>O y\u00fcksek duvarlar\u0131n arkas\u0131nda Facebook&#8217;un (ya da Twitter&#8217;\u0131n!) iradesini kabul etmi\u015fken \u00f6zg\u00fcrl\u00fckten nas\u0131l bahsedilebilir ki? \u0130nternet&#8217;e, insanlar\u0131 sosyalle\u015ftirdi\u011fi, birle\u015ftirdi\u011fi ve yeni \u00f6rg\u00fctl\u00fcl\u00fckler yaratt\u0131\u011f\u0131 i\u00e7in b\u00fcy\u00fck umutlar ba\u011flam\u0131\u015fken merkeziyet\u00e7i sosyal a\u011flar tam tersini yap\u0131yor. Bir hapishane h\u00fccresinde bir ki\u015fi de olsa, bir milyar ki\u015fi de olsa h\u00fccre yine h\u00fccredir.<\/p>\n<p>Bir G\u00f6zetim Ayg\u0131t\u0131 Olarak Facebook<\/p>\n<p>Facebook&#8217;ta ve di\u011fer sosyal a\u011flardaki her ad\u0131m\u0131n\u0131z kaydedilir. Daha sonra sosyal a\u011fdan \u00e7\u0131ksan\u0131z bile a\u011fdaki hareketleriniz bu a\u011flar\u0131n veritabanlar\u0131nda belirsiz bir zamana kadar saklanmaya devam eder. Facebook kurulu\u015fundan beri mahremiyeti ihlal etti\u011fi gerek\u00e7esiyle ele\u015ftirilmekte, bu ele\u015ftiriler do\u011frultusunda da mahremiyet politikas\u0131nda s\u00fcrekli de\u011fi\u015fikliklere gitmektedir.<\/p>\n<p>Fakat Facebook&#8217;u mahremiyet kavram\u0131 \u00e7er\u00e7evesinde tart\u0131\u015fmak yan\u0131lt\u0131c\u0131 olabiliyor. Mahremiyet, tart\u0131\u015fmal\u0131 bir kavram ve genel ge\u00e7er bir tan\u0131m\u0131 yok. \u00d6rne\u011fin, mahremiyeti \u00f6zel ve kamusal ikili\u011fi \u00e7er\u00e7evesinde tart\u0131\u015fmak olduk\u00e7a yayg\u0131n. \u00d6zel, ki\u015fisel, ailevi ve arkada\u015fl\u0131klar alan\u0131na i\u015faret ediyor. Kamusal alan ise ki\u015fisel ili\u015fkilerimizin ve evimizin \u00f6tesinde. Bu ikilikten yola \u00e7\u0131karak, mahremiyetin \u00f6zel alanla ilgili oldu\u011funu d\u00fc\u015f\u00fcnebiliriz.<\/p>\n<p>Ancak mahremiyetin tarihsel geli\u015fim s\u00fcrecine bir bakt\u0131\u011f\u0131m\u0131zda yan\u0131ld\u0131\u011f\u0131m\u0131z\u0131 g\u00f6r\u00fcr\u00fcz. Bug\u00fcn mahremiyete \u00f6zelden \u00e7ok kamusal alanda ihtiya\u00e7 duyuyoruz. Mahremiyet, \u0130nternet \u00f6ncesi anlam\u0131nda g\u00fcndelik hayatta varsay\u0131lan duruma i\u015faret ediyor; mahremiyeti ihlal etmek i\u00e7in ek bir \u00e7aba gerekiyor. Bir insan\u0131n evine izinsiz girmek ya da gizlice telefonlar\u0131n\u0131 dinlemek gibi. \u0130nternet sonras\u0131 d\u00f6nemde ise a\u011fdaki toplumsal ili\u015fkiler daha a\u00e7\u0131k bir \u015fekilde ger\u00e7ekle\u015fiyor ve insanlar\u0131n mahremiyetlerini korumak i\u00e7in \u00e7abalamas\u0131 gerekiyor. Ayr\u0131ca bug\u00fcn a\u011flarda olmak ya da olmamak bir tercih de\u011fil; hayat bizi a\u011flara s\u00fcr\u00fckl\u00fcyor. Dolay\u0131s\u0131yla, mahremiyetten s\u00f6z ederken, en az\u0131ndan 20 y\u0131l \u00f6nceki mahremiyetten s\u00f6z etmedi\u011fimizin bilincinde olmal\u0131y\u0131z.<\/p>\n<p>Bunun yan\u0131nda, mahremiyeti gizlilikle de kar\u0131\u015ft\u0131rmamak gerekiyor. Google CEO&#8217;su Eric Schmidt, hi\u00e7 kimsenin bilmesini istemedi\u011finiz \u015feyleriniz varsa \u00f6ncelikle o \u015feyleri yapmay\u0131n diyor. \u0130nternet&#8217;te g\u00f6zetimden bahsedildi\u011finde de benzer bir tepkiyle kar\u015f\u0131la\u015f\u0131yoruz: \u201cHer \u015feyim ortada, saklayacak bir \u015feyim yok!\u201d Oysa sorun, yap\u0131lan yasad\u0131\u015f\u0131 i\u015flerin saklanmas\u0131 de\u011fil, Scmidt&#8217;in \u00e7ok iyi bildi\u011fi gibi as\u0131l sorun s\u0131radan, tek ba\u015f\u0131na bir anlam\u0131 olmayan masumane bilgi k\u00fcmelerinin birle\u015ftirilmesinden elde edilen kritik bilgiler. Facebook&#8217;un kurucusu Zuckerberg, mahremiyete dair toplumsal normlar\u0131n de\u011fi\u015fti\u011fini, a\u00e7\u0131k bir topluma do\u011fru evrildi\u011fimizi iddia ediyor. Ger\u00e7ekten de insanlar sosyal a\u011flarda ki\u015fisel bilgilerini sa\u00e7\u0131p duruyorlar. Ancak Zuckerberg yan\u0131l\u0131yor. \u0130nsanlar\u0131n sosyal a\u011flarda en \u00f6zel \u015feylerini payla\u015ft\u0131klar\u0131 do\u011fru. Ama ayn\u0131 zamanda mahremiyet konusundaki kayg\u0131lar\u0131 da devam ediyor. Bilgileri dahilinde, ak\u015fam perdeleri \u00e7eker gibi, sosyal a\u011flardaki gizlilik ayarlar\u0131n\u0131 yapmaya, ki\u015fisel bilgilerine izinsiz eri\u015fmeye \u00e7al\u0131\u015fanlar\u0131 engellemeye devam ediyorlar. Facebook&#8217;un mahremiyet ayarlar\u0131nda yapt\u0131\u011f\u0131 de\u011fi\u015fiklikler hala b\u00fcy\u00fck tepkiler \u00e7ekiyor. Facebook&#8217;un evrimi de Zuckerberg&#8217;i do\u011frulam\u0131yor: Facebook&#8217;un mahremiyet ayarlar\u0131 2010 y\u0131l\u0131na kadar ki\u015fisel verinin daha a\u00e7\u0131k sunumuna y\u00f6nelik geli\u015firken, tepkilerin artmas\u0131 \u00fczerine bu tarihten sonra ters y\u00f6nde bir geli\u015fim g\u00f6sterdi. Yap\u0131lan d\u00fczenlemeler, kullan\u0131c\u0131lara daha fazla mahremiyet se\u00e7ene\u011fi sunma y\u00f6n\u00fcnde oldu (Cabello ve di\u011ferleri, 2013).<\/p>\n<p>Burada as\u0131l problem, kullan\u0131c\u0131lar\u0131n payla\u015f\u0131mlar\u0131n\u0131n ak\u0131\u015f\u0131n\u0131 kontrol ettiklerine dair bir yan\u0131lg\u0131 i\u00e7inde olmalar\u0131. Sosyal a\u011flarda sa\u00e7t\u0131klar\u0131 o masum bilgilerin birikerek ve bir biriyle ili\u015fkilenerek nas\u0131l kendilerine ve insanl\u0131\u011fa kar\u015f\u0131 bir g\u00fc\u00e7 haline geldi\u011finin yeterince fark\u0131nda de\u011filler. Veri madencili\u011fi, sosyal a\u011f analizi, b\u00fcy\u00fck veri gibi \u00e7al\u0131\u015fma alanlar\u0131n\u0131n basitle\u015ftirilerek toplumun geneline anlat\u0131lmas\u0131, g\u00f6zetim konusundaki fark\u0131ndal\u0131\u011f\u0131 artt\u0131rabilir.<\/p>\n<p>marketwatch.com sitesi, TV programlar\u0131n\u0131n ratinglerinden politikac\u0131lar\u0131n pop\u00fclaritesine kadar bir \u00e7ok bilginin Twitter&#8217;dan elde edilebilece\u011fini iddia ediyor. Hatta, yap\u0131mc\u0131lar\u0131n programlar\u0131na yap\u0131lan yorumlar\u0131 silme \u015fans\u0131 olmad\u0131\u011f\u0131ndan ger\u00e7ek e\u011filimlerin tespitinde Facebook&#8217;tan daha ba\u015far\u0131l\u0131 oldu\u011funu s\u00f6yl\u00fcyor <a href=\"(http:\/\/www.marketwatch.com\/story\/tv-ratings-arent-only-thing-twitter-can-measure-2013-10-10\">(http:\/\/www.marketwatch.com\/story\/tv-ratings-arent-only-thing-twitter-can-measure-2013-10-10<\/a>). A\u011f kullan\u0131c\u0131lar\u0131 a\u00e7\u0131s\u0131ndan bak\u0131ld\u0131\u011f\u0131nda do\u011fru olabilir. Ama kendinizi Facebook&#8217;un sahiplerinin yerine koyun: Kullan\u0131c\u0131lar yap\u0131lan yorumlar\u0131 ne kadar silerse silsin. Siz ger\u00e7ekte hi\u00e7bir \u015feyi sunucular\u0131n\u0131zdan silmeyece\u011finizden toplumun genel profilini ve toplumsal e\u011filimleri tahmin edebileceksiniz. Sadece Google&#8217;daki aramalar bile d\u00fcnyadaki salg\u0131nlar\u0131n nas\u0131l yay\u0131ld\u0131\u011f\u0131 hakk\u0131nda bilgiler verirken (Ginsberg ve di\u011ferleri, 2008) acaba Facebook&#8217;tan neler \u00f6\u011frenebiliriz?<\/p>\n<p>Baz\u0131lar\u0131 \u00e7evresine bakacak, Gezi&#8217;nin T\u00fcrkler&#8217;in K\u00fcrtler&#8217;in y\u0131llard\u0131r ya\u015fad\u0131klar\u0131n\u0131 anlayabilmesinin \u00f6n\u00fcn\u00fc a\u00e7t\u0131\u011f\u0131n\u0131 iddia edecek. Baz\u0131lar\u0131 evlerinde zorla tutulan bir kesim oldu\u011funu iddia edecek. Baz\u0131lar\u0131 da demokrasi paketini halk\u0131n b\u00fcy\u00fck \u00e7o\u011funlu\u011funun memnuniyetle kar\u015f\u0131lad\u0131\u011f\u0131n\u0131 iddia edecek, di\u011fer bir kesim de bu iddiaya kar\u015f\u0131 \u00e7\u0131kacak. Baz\u0131lar\u0131 da \u00f6\u011frenci and\u0131n\u0131n kald\u0131r\u0131lmas\u0131n\u0131n \u00f6nemi (ya da \u00f6nemsizli\u011fi) \u00fczerine nutuklar atacak.<\/p>\n<p>Ne kadar anket yaparsan\u0131z yap\u0131n&#8230; Ki\u015fisel profiliniz, payla\u015ft\u0131\u011f\u0131n\u0131z, be\u011fendi\u011finiz yaz\u0131lar, kendi yazd\u0131klar\u0131n\u0131z, yorumlar\u0131n\u0131z, mesajla\u015fmalar\u0131n\u0131z, arkada\u015f a\u011f\u0131n\u0131z, bu a\u011fdaki arkada\u015flar\u0131n\u0131zla olan ili\u015fkinizin derecesi (\u00f6rne\u011fin \u00e7ok s\u0131k yaz\u0131\u015fman\u0131z, ortak zevkleriniz, ortak arkada\u015flar\u0131n\u0131z vs.), t\u0131klamalar\u0131n\u0131z, Facebook&#8217;a hangi ip adresinden ba\u011fland\u0131\u011f\u0131n\u0131z&#8230; Facebook b\u00fct\u00fcn\u00fcn ili\u015fkili bilgisine sahip olarak hepimizden \u00e7ok \u015fey bilecektir. Belirli bir olay\u0131n, belirli bir toplumsal kesim \u00fczerindeki etkisini \u00e7ok daha ayr\u0131nt\u0131l\u0131 g\u00f6rebilecek, gelecekte olabileceklere dair tahminlerde bulunabileceklerdir. PRISM skandal\u0131nda da tart\u0131\u015f\u0131ld\u0131\u011f\u0131 gibi bu devasa g\u00f6zetim makinesi, yaln\u0131zca ABD H\u00fck\u00fcmeti&#8217;ne hesap vermektedir. Bu nedenle, Facebook&#8217;u \u00f6zg\u00fcrl\u00fck kelimesiyle bir arada kullan\u0131rken bir kez daha d\u00fc\u015f\u00fcnmek gerekir.<\/p>\n<p>\u0130nternet tekellerinin bu korkutucu g\u00fcc\u00fcn\u00fc s\u0131n\u0131rland\u0131rmaya y\u00f6nelik yasal giri\u015fimler de vard\u0131r. Bu yasal giri\u015fimler, tekellere k\u0131smen \u00e7e\u015fitli s\u0131n\u0131rland\u0131rmalar getirmektedir. Fakat sosyal a\u011f tekelleri \u00e7o\u011fu zaman kendilerini yerel hukukunun \u00fczerinde, ondan muaf olarak g\u00f6rmektedirler. \u00dcstelik yasal giri\u015fimler, enformasyon tekelleri \u00fczerinde s\u00fcrekli bir denetim kuramad\u0131\u011f\u0131ndan ve yapt\u0131klar\u0131 analizleri denetleyemedi\u011finden yetersiz kalmaktad\u0131r. Ancak en \u00f6nemlisi, toplumda g\u00f6zetim konusunda bir duyarl\u0131l\u0131k olu\u015fmad\u0131\u011f\u0131, \u201cben yasad\u0131\u015f\u0131 bir \u015fey yapm\u0131yorum, bu y\u00fczden g\u00f6zetimden endi\u015fe etmiyorum\u201d a\u015f\u0131lmad\u0131ktan sonra hukuksal m\u00fccadelenin ba\u015far\u0131ya ula\u015fabilece\u011fini d\u00fc\u015f\u00fcnm\u00fcyorum.<\/p>\n<h2>A\u011f Ba\u011f\u0131ml\u0131l\u0131\u011f\u0131<\/h2>\n<p>Bir\u00e7ok bilgisayar kullan\u0131c\u0131s\u0131 \u00f6zg\u00fcr yaz\u0131l\u0131m\u0131 GNU\/Linux ile \u00f6zde\u015fle\u015ftiriyor. Oysa \u00f6zg\u00fcr yaz\u0131l\u0131m, herhangi bir \u00fcr\u00fcn\u00fcn \u00f6tesinde \u00fcretim arac\u0131 olan bilginin toplumsal m\u00fclkiyetini savunan bir felsefe. Kullan\u0131c\u0131lar, \u00f6zg\u00fcr yaz\u0131l\u0131mlar\u0131 herhangi bir \u015firketin izin verdi\u011fi \u00f6l\u00e7\u00fcde de\u011fil, kendi ihtiya\u00e7lar\u0131 do\u011frultusunda kullan\u0131yorlar. FSF (\u00d6zg\u00fcr Yaz\u0131l\u0131m Vakf\u0131), merkezi sosyal a\u011flar\u0131 ele\u015ftirirken yine ayn\u0131 hedeften yola \u00e7\u0131k\u0131yor: Kullan\u0131c\u0131lar\u0131n herhangi bir \u015firkete ba\u011f\u0131ml\u0131 olmamas\u0131 ve kendi bilgilerinin ger\u00e7ek sahibi olmas\u0131.<\/p>\n<p>Kullan\u0131c\u0131lar, ki\u015fisel bilgilerini verip \u015firketlerin (Facebook, Twitter, Google+ vs) sosyal a\u011flar\u0131n\u0131 kullanmaya hak kazan\u0131yorlar. \u00d6nceki b\u00f6l\u00fcmde tart\u0131\u015f\u0131ld\u0131\u011f\u0131 gibi bu ki\u015fisel bilgiler, zamanla ki\u015fiye ve insanl\u0131\u011fa kar\u015f\u0131 bir g\u00fc\u00e7 haline geliyor. \u00d6rne\u011fin BDP, Facebook&#8217;u terk edecek ve ba\u015fka bir a\u011fa ge\u00e7ecek g\u00fcc\u00fc kendinde bulam\u0131yor. Dosya formatlar\u0131nda ya\u015fad\u0131\u011f\u0131m\u0131z sorunlara (birlikte \u00e7al\u0131\u015fabilirlik) benzer bir sorunla kar\u015f\u0131 kar\u015f\u0131ya kal\u0131yoruz. Belirli bir \u00fcr\u00fcn\u00fcn kullan\u0131c\u0131lar\u0131ndan olu\u015fan a\u011flar (\u00f6rne\u011fin Microsoft Word kullan\u0131c\u0131lar\u0131), ileti\u015fimin devam\u0131 i\u00e7in yeni kullan\u0131c\u0131lar\u0131 da a\u011fa dahil olmaya zorlayabiliyor. 100 ki\u015fi Microsoft Word kullan\u0131yorsa ve belgelerini doc uzant\u0131l\u0131 kaydediyorsa, 101. kullan\u0131c\u0131 \u201cben belgelerimi sadece odt uzant\u0131l\u0131 kaydederim, doc uzant\u0131l\u0131 belgeleri okumam.\u201d diyemiyor. A\u011f, kullan\u0131c\u0131 say\u0131s\u0131 ne kadar fazlaysa o kadar g\u00fc\u00e7l\u00fc hale geliyor. Bunun sonucunda, siyasi partilerden \u015firketlere kadar en geni\u015f kitleyle ileti\u015fime gereksinim duyan herkes (ne yaz\u0131k ki!) pop\u00fcler a\u011flarda var olmaya zorlan\u0131yor. Fakat bu varolu\u015fun, \u0130nternet&#8217;in do\u011fas\u0131na ayk\u0131r\u0131 bir \u015fekilde ger\u00e7ekle\u015fti\u011fine dikkat etmek gerekiyor. \u0130nternet, ademi-merkeziyet\u00e7i yap\u0131s\u0131 ve bu yap\u0131dan kaynakl\u0131 olarak iktidarlar\u0131n tam kontrol\u00fcne izin vermemesi nedeniyle \u00f6zg\u00fcrle\u015ftirici bir potansiyele sahiptir. Facebook, Twitter, Google+, LinkedIn vb sosyal a\u011flar ise merkezi yap\u0131lar\u0131 nedeniyle iktidarlar\u0131n kontrol\u00fcne (g\u00f6zetimine ve sans\u00fcr\u00fcne) olanak sa\u011fl\u0131yorlar.<\/p>\n<p>Ayr\u0131ca merkezi sosyal a\u011flar, birlikte \u00e7al\u0131\u015fabilirlik ilkelerinden uzak, kendi veri formatlar\u0131yla \u0130nternet&#8217;te birbirinden kopuk, y\u00fcksek duvarlarla \u00f6r\u00fcl\u00fc bah\u00e7eler meydana getirmektedir. \u0130nternet&#8217;te birlikte \u00e7al\u0131\u015fabilirli\u011fin \u00f6nemini daha iyi anlayabilmek i\u00e7in birlikte \u00e7al\u0131\u015fabilirli\u011fin en g\u00fczel \u00f6rne\u011fi e-posta&#8217;ya bakal\u0131m. Herhangi bir gmail hesab\u0131ndan herhangi bir org.tr uzant\u0131l\u0131 adrese e-posta g\u00f6nderebiliyorsunuz. \u00c7\u00fcnk\u00fc e-posta protokol\u00fc, herhangi bir \u015firketin kontrol\u00fcnde de\u011fil. Kendi e-posta sunucunuzu kurman\u0131z\u0131n ve di\u011ferleriyle haberle\u015fmenizin \u00f6n\u00fcnde hi\u00e7bir engel yok. E\u011fer e-posta, merkeziyet\u00e7i bir yap\u0131da olsayd\u0131 gmail, mynet, yahoo, .msn, org.tr, .com.tr vb uzant\u0131l\u0131 e-posta hesaplar\u0131 sadece kendi aralar\u0131nda haberle\u015fip duracakt\u0131 ve gmail&#8217;den yahoo&#8217;ya e-posta g\u00f6nderemeyecektik. Merkeziyet\u00e7i a\u011flar, birlikte \u00e7al\u0131\u015fabilirlik esaslar\u0131na uymu\u015f olsayd\u0131, Facebook bir tekel olmayacak, Facebook&#8217;taki verilerimizi al\u0131p Xbook sunucusuna ta\u015f\u0131yabilecektik.<\/p>\n<p>Bu nedenle Tim Berners Lee, web&#8217;in merkeziyet\u00e7i sosyal a\u011flar\u0131n \u00f6rd\u00fc\u011f\u00fc duvarlar\u0131n tehdidi ile kar\u015f\u0131 kar\u015f\u0131ya oldu\u011funu s\u00f6yl\u00fcyor. Bu duvarlar, web&#8217;i geni\u015fletmiyor, kullan\u0131c\u0131lar\u0131 \u015firketlerin duvarlar\u0131 arkas\u0131na hapsediyor (Berners-Lee ve di\u011ferleri, 2009).<\/p>\n<p>\u00d6zetle, ba\u015fta Facebook olmak \u00fczere merkeziyet\u00e7i a\u011flar \u00f6zg\u00fcrl\u00fck\u00e7\u00fc de\u011fildir. \u00c7\u00fcnk\u00fc,<\/p>\n<ul>\n<li>Ki\u015fisel bilgilerimizi iznimiz olmadan \u015firketlerle ve h\u00fck\u00fcmetlerle payla\u015farak,<\/li>\n<li>Hesab\u0131m\u0131z\u0131 iste\u011fimiz d\u0131\u015f\u0131nda silerek ya da mesajlar\u0131n\u0131z\u0131 sans\u00fcrleyerek<\/li>\n<\/ul>\n<p>\u00f6zg\u00fcrl\u00fc\u011f\u00fcm\u00fcz\u00fc tehdit ediyorlar.<\/p>\n<p>Ademi-merkeziyet\u00e7i Sosyal A\u011flar: Diaspora* ve Friendica<\/p>\n<p>Facebook&#8217;un alternatifi bir ba\u015fka merkeziyet\u00e7i sosyal a\u011f olamaz. \u00c7\u00fcnk\u00fc benzer sorunlar\u0131 bu alternatif a\u011fda ya\u015famayaca\u011f\u0131m\u0131z\u0131n hi\u00e7bir garantisi yoktur. Bir sendikan\u0131n ya da demokratik kitle \u00f6rg\u00fct\u00fcn\u00fcn kuraca\u011f\u0131 merkeziyet\u00e7i sosyal a\u011flarda bile ne kadar demokratik y\u00f6netimler olu\u015fturursak olu\u015ftural\u0131m, merkeziyet\u00e7ilikten kaynakl\u0131 sorunlar ya\u015fanacakt\u0131r.<\/p>\n<p>Sosyal a\u011flarda, ki\u015fisel bilginin yabanc\u0131la\u015fmas\u0131n\u0131, size kar\u015f\u0131 yabanc\u0131 bir g\u00fc\u00e7 haline gelmesini engellemek i\u00e7in tek yol ademi-merkeziyet\u00e7i sosyal a\u011flar\u0131n kullan\u0131m\u0131d\u0131r. Ademi-merkeziyet\u00e7i sosyal a\u011flardaki bilgi payla\u015f\u0131m\u0131 i\u00e7in tek bir \u015firkete ait merkezi sunuculara eri\u015fime gerek yoktur. \u0130leti\u015fim kullan\u0131c\u0131 bilgisayarlar\u0131 veya sosyal a\u011f yaz\u0131l\u0131m\u0131n \u00e7al\u0131\u015ft\u0131\u011f\u0131 sunucular aras\u0131nda ger\u00e7ekle\u015fir.<\/p>\n<p>Ademi-merkeziyet\u00e7i a\u011flarda:<\/p>\n<ol>\n<li>Kullan\u0131c\u0131 bilgileri, farkl\u0131 sunucularda ya da ki\u015finin kendi bilgisayar\u0131nda tutulabilir. Merkezi sunucu kapand\u0131\u011f\u0131nda ya da sizin hesab\u0131n\u0131z\u0131 kapatt\u0131\u011f\u0131nda ya\u015fanabilecek sorunlar\u0131 ya\u015famazs\u0131n\u0131z. T\u00fcm payla\u015f\u0131mlar\u0131n\u0131z\u0131 ve ili\u015fkilerinizi kaybetmezsiniz.<\/li>\n<li>Ki\u015fisel bilgileriniz ve payla\u015f\u0131mlar\u0131n\u0131z sizin tercihleriniz do\u011frultusunda yay\u0131l\u0131r.<\/li>\n<li>Genel sunucular\u0131 kullansan\u0131z bile kimseye ba\u011f\u0131ml\u0131 olmazs\u0131n\u0131z.<\/li>\n<\/ol>\n<figure id=\"attachment_331\" aria-describedby=\"caption-attachment-331\" style=\"width: 300px\" class=\"wp-caption aligncenter\"><a href=\"http:\/\/yarimada.gen.tr\/wp-content\/uploads\/2014\/04\/Facebook3.png\"><img loading=\"lazy\" decoding=\"async\" class=\"size-medium wp-image-331\" alt=\"Resim 3: Ademi Merkeziyet\u00e7i Sosyal A\u011flar (Kaynak: Diaspora*)\" src=\"http:\/\/yarimada.gen.tr\/wp-content\/uploads\/2014\/04\/Facebook3-300x120.png\" width=\"300\" height=\"120\" srcset=\"https:\/\/yarimada.gen.tr\/wp-content\/uploads\/2014\/04\/Facebook3-300x120.png 300w, https:\/\/yarimada.gen.tr\/wp-content\/uploads\/2014\/04\/Facebook3.png 401w\" sizes=\"auto, (max-width: 300px) 100vw, 300px\" \/><\/a><figcaption id=\"caption-attachment-331\" class=\"wp-caption-text\">Resim 3: Ademi Merkeziyet\u00e7i Sosyal A\u011flar (Kaynak: Diaspora*)<\/figcaption><\/figure>\n<p>Pratik \u00f6nemlidir. \u0130sterseniz bilgisayar ba\u015f\u0131na ge\u00e7ip ademi-merkeziyet\u00e7i a\u011flar\u0131 daha iyi anlayabilmek i\u00e7in \u00f6nce Diaspora*, sonra da daha geli\u015fmi\u015f bir sosyal a\u011f olan Friendica \u00fczerinde denemeler yapal\u0131m.<\/p>\n<h2>Diaspora*<\/h2>\n<p>Diaspora* projesi Moglen&#8217;in Facebook&#8217;a y\u00f6neltti\u011fi ele\u015ftirilerin ard\u0131ndan ba\u015flad\u0131. Moglen konu\u015fmas\u0131nda, bilgisayarlar\u0131n ge\u00e7mi\u015fe g\u00f6re daha g\u00fc\u00e7lendi\u011fi bir d\u00f6nemde merkezi yap\u0131lar\u0131n gereklili\u011fini sorguluyordu. \u201cNeden merkezi hizmetlerin yerine ge\u00e7ebilecek ademi-merkeziyet\u00e7i se\u00e7eneklerimiz olmas\u0131n?\u201d diye soruyordu.<\/p>\n<p>Moglen&#8217;in konu\u015fmas\u0131 Facebook&#8217;un mahremiyet politikalar\u0131na olan tepkinin artt\u0131\u011f\u0131 bir d\u00f6nemde ger\u00e7ekle\u015fir. D\u00f6rt gen\u00e7 (Ilya Zhitomirskiy, Dan Grippi, Max Salzberg, and Raphael Sofaer), Moglen&#8217;in s\u00f6zlerinden etkilenerek 2010 y\u0131l\u0131nda Diaspora* projesini ba\u015flat\u0131rlar. Projeye yo\u011fun bir ilgi ve destek olur. Diaspora* en ba\u015f\u0131ndan beri \u00f6zg\u00fcr yaz\u0131l\u0131m olarak geli\u015ftirilir. Fakat projenin y\u00f6netimi de 2012 A\u011fustosu&#8217;nda \u00d6zg\u00fcr Yaz\u0131l\u0131m Destekleme A\u011f\u0131&#8217;na (Free Software Support Network) devredilir.<\/p>\n<p>Diaspora* felsefesinin 3 temel bile\u015feni vard\u0131r:<\/p>\n<p><strong>1- Ademi-merkeziyet\u00e7ilik:<\/strong><\/p>\n<p>Bu ilke, insanlar\u0131 tek bir merkezi sunucuda toplamak yerine, insanlara herhangi bir yerde Diaspora*a\u011f\u0131na dahil olabilecek sunucular kurmaya olanak vermek olarak \u00f6zetlenebilir. Pod ad\u0131 verilen bu sunucular\u0131 sadece kendi kullan\u0131m\u0131n\u0131z i\u00e7in kendi bilgisayar\u0131n\u0131za da kurabilece\u011finiz gibi sunucunuzu di\u011fer kullan\u0131c\u0131lar\u0131n kullan\u0131m\u0131na da a\u00e7abilirsiniz.<\/p>\n<p><strong>2- \u00d6zg\u00fcrl\u00fck:<\/strong><\/p>\n<p>Diaspora*&#8217;da ger\u00e7ek kimli\u011finizi kullanmak zorunda de\u011filsiniz ve payla\u015f\u0131mlar\u0131n\u0131zda bir s\u0131n\u0131rlama yok. Merkezi bir otorite gelip, \u201cben senin payla\u015f\u0131mlar\u0131n\u0131 be\u011fenmiyorum, hesab\u0131n\u0131 kapat\u0131yorum\u201d diyemez. Ayr\u0131ca, yaz\u0131l\u0131m\u0131 \u00f6zg\u00fcrd\u00fcr. Kaynak kodunu al\u0131p ihtiya\u00e7lar\u0131n\u0131z do\u011frultusunda de\u011fi\u015fikler yapabilir ya da kodun g\u00fcvenli\u011fini inceleyebilirsiniz.<\/p>\n<p><strong>3- Mahremiyet:<\/strong><\/p>\n<p>Merkeziyet\u00e7i a\u011flar\u0131n sahibi olan \u015firketler, a\u011flar\u0131n\u0131 kulland\u0131\u011f\u0131m\u0131z i\u00e7in bizden para almazlar ama para kar\u015f\u0131l\u0131\u011f\u0131nda bizim ki\u015fisel bilgilerimiz di\u011fer \u015firketlere pazarlarlar. H\u00fck\u00fcmetlerin bask\u0131s\u0131na a\u00e7\u0131kt\u0131rlar. Ya da ge\u00e7mi\u015fte Facebook&#8217;ta ya\u015fand\u0131\u011f\u0131 gibi bir g\u00fcn bakars\u0131n\u0131z herkesle payla\u015fmak istemedi\u011finiz bilgileriniz \u015firketin de\u011fi\u015fen politikas\u0131 nedeniyle kamuya a\u00e7\u0131lm\u0131\u015f. Diaspora*&#8217;da ki\u015fisel bilgileriniz \u00fczerinde s\u00f6z, yetki ve karar hakk\u0131na sahip olan S\u0130Zsinizdir.<\/p>\n<p>Diaspora*&#8217;y\u0131 bilgisayar\u0131n\u0131za kurmak biraz zor olabilir. Ama Diaspora* sunucular\u0131ndan birini deneyebilirsiniz. \u00dc\u00e7 ad\u0131mda Diaspora*&#8217;ya kolayca kay\u0131t olabilirsiniz.<\/p>\n<p><strong>1- Diaspora* podlar\u0131ndan birini se\u00e7in:<\/strong><\/p>\n<p><a href=\"http:\/\/podupti.me\/\">http:\/\/podupti.me\/<\/a> adresine gidelim. Buradan uygun bir pod se\u00e7elim. Baz\u0131 podlar, yeni kullan\u0131c\u0131 kabul etmiyor olabilir, \u015fu an uygun olan <a href=\"https:\/\/pod.geraspora.de\/\">https:\/\/pod.geraspora.de\/<\/a> podunu deneyebiliriz. Diaspora* podlar\u0131n\u0131n pop\u00fclerli\u011fi (i\u00e7erik ve kullan\u0131c\u0131 say\u0131s\u0131) i\u00e7in <a href=\"https:\/\/diasp.eu\/stats.html \">https:\/\/diasp.eu\/stats.html <\/a>adresinden bilgi alabilirsiniz.<\/p>\n<p><strong>2- Yeni bir hesap yarat\u0131n:<\/strong><\/p>\n<p>Se\u00e7ti\u011finiz poda t\u0131klad\u0131ktan sonra sizden kullan\u0131c\u0131 ad\u0131 ve \u015fifre isteyen bir ekran \u00e7\u0131kacakt\u0131r. Yeni kullan\u0131c\u0131 oldu\u011fumuz i\u00e7in signup (<a href=\"https:\/\/pod.geraspora.de\/users\/sign_up\">https:\/\/pod.geraspora.de\/users\/sign_up<\/a>) ba\u011flant\u0131s\u0131na t\u0131klayal\u0131m. \u015eimdi e-posta adresimi, kullan\u0131c\u0131 ad\u0131m\u0131 ve \u015fifremi yazarak kay\u0131t olabilirim. bilimvegelecek@ pod.geraspora.de adl\u0131 bir kullan\u0131c\u0131 ad\u0131 yaratt\u0131m. Art\u0131k Diaspora*&#8217;n\u0131n bir \u00fcyesisiniz.<\/p>\n<p><strong>3- Profilinizi Olu\u015fturun:<\/strong><\/p>\n<p>Profilinize payla\u015fmak istedi\u011finiz bilgilerinizi ve ilgi duydu\u011funuz alan dair etiketleri giriniz. \u015eimdi ba\u015fka Diaspora* podlar\u0131ndaki kullan\u0131c\u0131lara da eri\u015febilirsiniz. \u00d6rne\u011fin, yarimada@diasp.eu adl\u0131 kullan\u0131c\u0131 ba\u015fka bir podda olmas\u0131na ra\u011fmen onu bulup ekleyebilirsiniz.<\/p>\n<p>\u015eimdi de Twitter ve Facebook ile ba\u011flant\u0131 yapal\u0131m. Ekran\u0131n sa\u011f taraf\u0131nda Facebook ve Twitter ikonlar\u0131 var. Bu a\u011flarda bir hesab\u0131n\u0131z varsa bunlara ba\u011flanabilir, mesajlar\u0131n\u0131z\u0131 hem Diaspora*&#8217;da hem de bu a\u011flarda e\u015f zamanl\u0131 olarak da\u011f\u0131tabilirsiniz. B\u00f6ylece takip\u00e7ilerinizi yava\u015f yava\u015f ba\u015fka a\u011flara te\u015fvik edebilirsiniz.<\/p>\n<p>Diaspora*&#8217;ya mobil telefonlardan da eri\u015febilirsiniz!<\/p>\n<p>Diaspora* kullan\u0131labilir bir sosyal a\u011f, ama hala 0.2.0.0 s\u00fcr\u00fcm\u00fcn\u00fc kulland\u0131\u011f\u0131m\u0131z\u0131 unutmayal\u0131m. Daha geli\u015fmi\u015f se\u00e7enekler istiyorsan\u0131z Friendica da <a href=\"https:\/\/prism-break.org\/\">https:\/\/prism-break.org\/<\/a> sitesinin \u00f6nerdi\u011fi ademi-merkeziyet\u00e7i sosyal a\u011flardan biridir, deneyebilirsiniz.<\/p>\n<h2>Friendica: Bizim sosyal a\u011f\u0131m\u0131z \u0130nternet&#8217;tir<\/h2>\n<p>Friendica, Diaspora* ile ayn\u0131 ilkeleri payla\u015fan ama aray\u00fcz\u00fcnde \u00e7ok daha geli\u015fmi\u015f se\u00e7eneklere sahip bir a\u011fd\u0131r. Sloganlar\u0131 son derece anlaml\u0131d\u0131r: Bizim sosyal a\u011f\u0131m\u0131z \u0130nternet&#8217;tir. Proje sessiz, sakin ama emin ad\u0131mlarla ilerlemektedir.<\/p>\n<p>Friendica hesab\u0131n\u0131zla, hesab\u0131n\u0131z\u0131n oldu\u011fu t\u00fcm a\u011flara ayn\u0131 anda eri\u015fim sa\u011flayabilirsiniz:<\/p>\n<p><a href=\"http:\/\/yarimada.gen.tr\/wp-content\/uploads\/2014\/04\/Facebook4.png\"><img loading=\"lazy\" decoding=\"async\" class=\"aligncenter size-medium wp-image-332\" alt=\"Facebook4\" src=\"http:\/\/yarimada.gen.tr\/wp-content\/uploads\/2014\/04\/Facebook4-300x236.png\" width=\"300\" height=\"236\" srcset=\"https:\/\/yarimada.gen.tr\/wp-content\/uploads\/2014\/04\/Facebook4-300x236.png 300w, https:\/\/yarimada.gen.tr\/wp-content\/uploads\/2014\/04\/Facebook4.png 588w\" sizes=\"auto, (max-width: 300px) 100vw, 300px\" \/><\/a><\/p>\n<p>Diaspora*&#8217;da oldu\u011fu gibi kendi Friendica sunucunuzu kurup di\u011fer kullan\u0131c\u0131larla haberle\u015febilirsiniz ya da var olan sunuculardan (<a href=\"http:\/\/dir.friendica.com\/siteinfo\">http:\/\/dir.friendica.com\/siteinfo<\/a>) birini kullanabilirsiniz. Yetersiz dil deste\u011fi d\u0131\u015f\u0131nda (bu da \u00e7ok kolay a\u015f\u0131labilir!) kullan\u0131\u015fl\u0131 bir sosyal a\u011fd\u0131r.<\/p>\n<p>Friendica&#8217;da,<\/p>\n<ul>\n<li>Bir\u00e7ok sosyal a\u011fa tek bir noktadan ba\u011flanabilir ve t\u00fcm a\u011flara ayn\u0131 anda mesaj g\u00f6nderebilirsiniz.<\/li>\n<li>Kendi sunucunuzu kurmad\u0131n\u0131z, genel bir sunucu kullan\u0131yorsunuz. Bir olumsuzlukta verilerinizi al\u0131p ba\u015fka bir sunucuya gidebilirsiniz.<\/li>\n<li>e-Postalar\u0131n\u0131z\u0131 Friendica \u00fczerinden okuyabilirsiniz.<\/li>\n<li>Mahremiyet ile ilgili ayarlar\u0131n uygulamas\u0131 kolay ve geli\u015fmi\u015ftir.<\/li>\n<\/ul>\n<p>&nbsp;<\/p>\n<p style=\"text-align: left;\">Yapman\u0131z gereken sadece kendi Friendica sunucunuzu kurmak ya da genel bir Friendica (\u00d6rne\u011fin<a href=\" https:\/\/friendica.eu\/\"> https:\/\/friendica.eu\/<\/a>) sunucusunun Register ba\u011flant\u0131s\u0131na t\u0131klamak. \u00dcye olduktan sonra Friendica&#8217;n\u0131n Android uygulamas\u0131n\u0131 da a\u015fa\u011f\u0131daki adresten kurabilirsiniz:<\/p>\n<p><a href=\"http:\/\/friendica-for-android.wiki-lab.net\/docs\/apk\/de.wikilab.andfrnd.20130530_9.0.apk\">http:\/\/friendica-for-android.wiki-lab.net\/docs\/apk\/de.wikilab.andfrnd.20130530_9.0.apk<\/a><\/p>\n<p>&nbsp;<\/p>\n<p style=\"text-align: center;\">***<\/p>\n<p>K\u0131sacas\u0131, ne Facebook&#8217;a, new Twitter&#8217;a ne de ba\u015fka bir merkeziyet\u00e7i a\u011fa mecbur de\u011filiz. \u015eirketlerin g\u00f6lgesinde \u00f6zg\u00fcrl\u00fckten bahsedemeyiz. Facebook&#8217;tan ba\u015fka bir se\u00e7ene\u011fimiz yokmu\u015fcas\u0131na yap\u0131lan a\u00e7\u0131klamalar\u0131, aman dilemeleri stratejik bir hata olarak g\u00f6r\u00fcyorum. Bunun yerine, Facebook&#8217;un merkeziyet\u00e7i yap\u0131s\u0131ndan kaynakl\u0131 \u00f6zg\u00fcrl\u00fck kar\u015f\u0131t\u0131 do\u011fas\u0131n\u0131 te\u015fhir etmek, alternatif a\u011flar\u0131 tart\u0131\u015fmak, tart\u0131\u015ft\u0131rmak ve \u00f6zendirmek daha do\u011fru bir strateji olacakt\u0131r.<\/p>\n<p>\u0130nternet, ademi-merkeziyet\u00e7i do\u011fas\u0131n\u0131 kaybetmedi\u011fi s\u00fcrece insanlar\u0131 \u00f6zg\u00fcrle\u015ftirebilir.<\/p>\n<p>&nbsp;<\/p>\n<h3>Yararlan\u0131lan Kaynaklar<\/h3>\n<p>Berners-Lee, T., Yeung, C. M. A., Liccardi, I., Lu, K. &amp; Seneviratne, O. (2009, January). Decentralization: The future of online social networking. In W3C Workshop on the Future of Social Networking Position Papers (Vol. 2).<\/p>\n<p>Cabello, F., Franco, M. G., &amp; Hach\u00e9, A. (2013). The Social Web beyond \u201cWalled Gardens\u201d: Interoperability, Federation and the Case of Lorea\/n-1. PsychNology Journal, 11(1), 43-65.<\/p>\n<p>Cohen, J. (2013). A critical overview of the privacy debates regarding Facebook and an assessment of the&#8221; Anti-Facebook&#8221; social network, Diaspora* (Doctoral dissertation).<\/p>\n<p>Economist (2008), <i>Everywhere and nowhere. May 19, 2008<\/i><\/p>\n<p>Ginsberg, J., Mohebbi, M. H., Patel, R. S., Brammer, L., Smolinski, M. S., &amp; Brilliant, L. (2008). Detecting influenza epidemics using search engine query data. Nature, 457(7232), 1012-1014.<\/p>\n<p>Moreira, O. (2012). On the State of Art of Decentralized Online Social Networks. <a href=\"http:\/\/www.academia.edu\/2438846\/On_the_State_of_Art_of_Decentralized_Online_Social_Networks\">http:\/\/www.academia.edu\/2438846\/On_the_State_of_Art_of_Decentralized_Online_Social_Networks<\/a>, son eri\u015fim 22 Ekim 2013<\/p>\n","protected":false},"excerpt":{"rendered":"<p>Birka\u00e7 ay \u00f6ncesine kadar \u00e7o\u011funlukla magazin haberleriyle g\u00fcndeme gelen sosyal a\u011flar1, \u015fimdi \u00e7etin bir politik m\u00fccadelenin alan\u0131 haline gelmi\u015f durumda. \u0130ktidar, her yeri Taksim yapan<\/p>\n","protected":false},"author":1,"featured_media":0,"comment_status":"open","ping_status":"open","sticky":false,"template":"","format":"standard","meta":{"footnotes":""},"categories":[25,19,14,22,30],"tags":[67,65,66,17,44,101],"class_list":["post-328","post","type-post","status-publish","format-standard","hentry","category-gozetim","category-ifade-ozgurlugu","category-mahremiyet","category-sansur","category-sosyal-aglar","tag-diaspora","tag-facebook","tag-friendica","tag-ozel-hayat","tag-ozgur-yazilim","tag-sansur"],"_links":{"self":[{"href":"https:\/\/yarimada.gen.tr\/index.php?rest_route=\/wp\/v2\/posts\/328","targetHints":{"allow":["GET"]}}],"collection":[{"href":"https:\/\/yarimada.gen.tr\/index.php?rest_route=\/wp\/v2\/posts"}],"about":[{"href":"https:\/\/yarimada.gen.tr\/index.php?rest_route=\/wp\/v2\/types\/post"}],"author":[{"embeddable":true,"href":"https:\/\/yarimada.gen.tr\/index.php?rest_route=\/wp\/v2\/users\/1"}],"replies":[{"embeddable":true,"href":"https:\/\/yarimada.gen.tr\/index.php?rest_route=%2Fwp%2Fv2%2Fcomments&post=328"}],"version-history":[{"count":2,"href":"https:\/\/yarimada.gen.tr\/index.php?rest_route=\/wp\/v2\/posts\/328\/revisions"}],"predecessor-version":[{"id":334,"href":"https:\/\/yarimada.gen.tr\/index.php?rest_route=\/wp\/v2\/posts\/328\/revisions\/334"}],"wp:attachment":[{"href":"https:\/\/yarimada.gen.tr\/index.php?rest_route=%2Fwp%2Fv2%2Fmedia&parent=328"}],"wp:term":[{"taxonomy":"category","embeddable":true,"href":"https:\/\/yarimada.gen.tr\/index.php?rest_route=%2Fwp%2Fv2%2Fcategories&post=328"},{"taxonomy":"post_tag","embeddable":true,"href":"https:\/\/yarimada.gen.tr\/index.php?rest_route=%2Fwp%2Fv2%2Ftags&post=328"}],"curies":[{"name":"wp","href":"https:\/\/api.w.org\/{rel}","templated":true}]}}