{"id":726,"date":"2020-10-25T20:49:31","date_gmt":"2020-10-25T17:49:31","guid":{"rendered":"http:\/\/yarimada.gen.tr\/?p=726"},"modified":"2021-01-27T22:25:07","modified_gmt":"2021-01-27T19:25:07","slug":"teknolojik-egemenlik","status":"publish","type":"post","link":"https:\/\/yarimada.gen.tr\/?p=726","title":{"rendered":"Teknolojik Egemenlik"},"content":{"rendered":"\n<p>\nYeni sosyal medya d\u00fczenlemesiyle art\u0131k bir d\u00f6nemin sona erdi\u011fini\ns\u00f6yleyebiliriz. Uzun s\u00fcredir uzatmalar\u0131 oynuyorduk. D\u00fczenleme,\nmalumun ilam\u0131 oldu.<\/p>\n\n\n\n<p> 2010 y\u0131l\u0131na kadar \u00fc\u00e7 internet modeli yar\u0131\u015f\u0131yordu (Feenberg, 2012): Enformasyon modeli, t\u00fcketim modeli ve topluluk modeli. Enformasyon modeli, internette enformasyonun da\u011f\u0131t\u0131m\u0131n\u0131 hedefliyordu. \u0130nternetin ilk g\u00fcnlerinden beri var olan bu model ki\u015filer aras\u0131 ileti\u015fimin enformasyon de\u011fi\u015fiminden daha \u00e7ekici hale gelmesiyle beraber zay\u0131flad\u0131. Sonradan \u00e7\u0131kan t\u00fcketim modeli, interneti k\u00fcresel bir al\u0131\u015fveri\u015f merkezine \u00e7evirmeyi hedefliyordu. Kullan\u0131c\u0131lar aras\u0131 ileti\u015fime asgari d\u00fczeyde gereksinim duyuluyordu. E\u011flence end\u00fcstrisi ve servis sa\u011flay\u0131c\u0131lar y\u0131llarca interneti de televizyonla\u015ft\u0131rmak i\u00e7in hem yasal hem de teknik alanda yo\u011fun bir faaliyet g\u00f6sterdiler. Topluluk modeli ise insanlar aras\u0131 ileti\u015fime ve etkile\u015fime dayan\u0131yordu. \u0130nternetin en ba\u015f\u0131ndan beri amac\u0131 ileti\u015fimdi. Epostan\u0131n icad\u0131, sadece makineler de\u011fil insanlar aras\u0131nda da bir ileti\u015fim a\u011f\u0131 kurulabilece\u011fini g\u00f6stermi\u015fti. 2000&#8217;li y\u0131llarda \u00e7\u0131kan sosyal medya, hem toplumun daha geni\u015f kesimlerini internete ta\u015f\u0131d\u0131 hem de insanlar aras\u0131ndaki etkile\u015fimi art\u0131rd\u0131.<\/p>\n\n\n\n<!--more-->\n\n\n\n<p>\nT\u00fcketim modeli ve topluluk modeli aras\u0131ndaki m\u00fccadele, 2010\ny\u0131l\u0131nda sosyal medya platformlar\u0131yla beraber, topluluk modelinin\nkar\u015f\u0131t\u0131na d\u00f6n\u00fc\u015fmesiyle sonu\u00e7land\u0131. \u0130nsanlar; Google, Twitter\nve Facebook ile bir birine ba\u011flan\u0131rken, bu \u015firketlerin hedefli\nreklamc\u0131l\u0131k \u00fczerine kurulu i\u015f modelleri internetin\nticarile\u015fmesine yeni bir boyut katt\u0131. Bu ticarile\u015fme ve\n\u015firketlerin internet \u00fczerinde artan kontrol\u00fc sosyal medyan\u0131n\ndemokrasi i\u00e7in bir tehdit olup olmad\u0131\u011f\u0131 tart\u0131\u015fmas\u0131n\u0131\nba\u015flatt\u0131. Sosyal medya \u015firketlerinin d\u00fczenlenmesinin gereklili\u011fi\nbu tarihsel ba\u011flamda ortaya \u00e7\u0131kt\u0131.<\/p>\n\n\n\n<p>\nFakat as\u0131l b\u00fcy\u00fck s\u0131\u00e7rama, \u00fc\u00e7 teknolojinin (bulut bili\u015fim,\nb\u00fcy\u00fck veri analizi ve nesnelerin interneti) yak\u0131nsamas\u0131 ile\nger\u00e7ekle\u015fti. \u0130ronik olarak bulut bili\u015fimle beraber internet,\nyery\u00fcz\u00fcne inerek platform ekonomileri ve ak\u0131ll\u0131 \u015fehirler\n\u00fczerinden d\u00fcnyevile\u015fmeye ba\u015flad\u0131. Art\u0131k y\u00fcz\u00fcm\u00fcz\u00fc buralara\n(platform ekonomileri, ak\u0131ll\u0131 \u015fehirler gibi ger\u00e7ek d\u00fcnya\nuygulamalar\u0131na) \u00e7evirmenin gerekti\u011fini d\u00fc\u015f\u00fcn\u00fcyorum. Bug\u00fcn\ntart\u0131\u015ft\u0131\u011f\u0131m\u0131z sosyal medya d\u00fczenlemesi, ABD ve Avrupa\u2019daki\ntart\u0131\u015fmalardan daha farkl\u0131 geli\u015fiyor ve \u015firketlerden \u00e7ok\nyurtta\u015flar\u0131n zarar\u0131na olacak gibi g\u00f6r\u00fcn\u00fcyor. \u0130fade \u00f6zg\u00fcrl\u00fc\u011f\u00fc\nve haber alma hakk\u0131 h\u00e2l\u00e2 \u00f6nemli; savunmak zorunday\u0131z. Sosyal\nmedya, en \u00f6nemli haber kayna\u011f\u0131m\u0131z olmaya devam edecek; ama sosyal\nmedyada yapt\u0131\u011f\u0131m\u0131z sonu gelmeyen k\u0131s\u0131r tart\u0131\u015fmalar, bir\nbirimize sata\u015fmalar ger\u00e7ek d\u00fcnyadaki sorunlar kar\u015f\u0131s\u0131nda bizi\nileriye g\u00f6t\u00fcrm\u00fcyor.<\/p>\n\n\n\n<p>\nBuna kar\u015f\u0131n, platform ekonomileri ve ak\u0131ll\u0131 \u015fehirler, daha\ne\u015fitlik\u00e7i ve \u00f6zg\u00fcr bir d\u00fcnyay\u0131 in\u015fa edebilmek i\u00e7in daha somut\nve \u00fcretken m\u00fccadele alanlar\u0131 sunuyor. Son y\u0131llarda g\u00fcndeme gelen\n&#8220;teknolojik egemenlik&#8221; d\u00fc\u015f\u00fcncesi, toplumun farkl\u0131\nkesimlerini ve farkl\u0131 alandaki m\u00fccadeleleri bir araya gelmeye\nzorluyor. Bu yaz\u0131da, teknolojik egemenlik d\u00fc\u015f\u00fcncesinin\n\u015firketlerin ak\u0131ll\u0131 \u015fehirlerine kar\u015f\u0131 \u00f6nemini tart\u0131\u015faca\u011f\u0131m.<\/p>\n\n\n\n<h2 class=\"wp-block-heading\">Ak\u0131ll\u0131\n\u015eehirler<\/h2>\n\n\n\n<p>\nDaha \u00f6nceki yaz\u0131larda da belirtti\u011fim gibi ak\u0131ll\u0131 \u015fehrin\nherkesin ortakla\u015ft\u0131\u011f\u0131 bir tan\u0131m\u0131 yok. Buna kar\u015f\u0131n ak\u0131ll\u0131\n\u015fehir denilince ilk akla gelen, \u015fehirlerle ilgili sorunlar\u0131n\ndijital teknolojiler yard\u0131m\u0131yla \u00e7\u00f6z\u00fclmeye \u00e7al\u0131\u015f\u0131lmas\u0131\noluyor. Bu s\u00fcre\u00e7te, \u00f6zellikle nesnelerin interneti, bulut bili\u015fim,\nb\u00fcy\u00fck veri ve yapay zeka (YZ) teknolojileri \u00f6ne \u00e7\u0131k\u0131yor.\nAsl\u0131nda ak\u0131ll\u0131 \u015fehir geli\u015ftiricilerinin \u015fehirdeki belirli\netkinlikler, hareketlilikler ve altyap\u0131lar hakk\u0131nda enformasyon\ntoplayarak ve bunu i\u015fleyerek \u015fehirleri yeniden yap\u0131land\u0131rmalar\u0131n\u0131n\n(ya da s\u0131f\u0131rdan yaratmalar\u0131n\u0131n) \u00f6tesinde bilgisayar gibi \u00e7al\u0131\u015fan\n\u015fehirler geli\u015ftirmeyi hedefledikleri de s\u00f6ylenebilir.\nBilgisayarlar\u0131n veriyi toplamas\u0131, saklamas\u0131, hesaplamas\u0131 ve\ni\u015flemesi gibi \u015fehirlerin de belirli \u00e7\u0131kt\u0131lara ula\u015fmak ve\n\u015fehirdeki etkile\u015fimleri yap\u0131land\u0131rmak i\u00e7in\nbilgisayarla\u015ft\u0131r\u0131labilece\u011fini d\u00fc\u015f\u00fcn\u00fcyorlar.<\/p>\n\n\n\n<p>\n\u015eirketler, artan d\u00fcnya n\u00fcfus ve \u015fehirle\u015fme nedeniyle ak\u0131ll\u0131\n\u015fehirlerin bir gereklilik oldu\u011funu iddia ediyorlar. 2050 y\u0131l\u0131nda\nd\u00fcnya n\u00fcfusunun %70&#8217;inin \u015fehirlerde ya\u015fayaca\u011f\u0131n\u0131 fakat\n\u015fehirlerin bunun i\u00e7in haz\u0131r olmad\u0131\u011f\u0131n\u0131, \u015fehirlerin de\u011fi\u015fen\nko\u015fullara uyum sa\u011flamas\u0131 gerekti\u011fini belirtiyorlar. Her bir\n\u015firketin ba\u015flang\u0131\u00e7 noktas\u0131 \u015fehirlerin gelecekte yetersiz\nkalaca\u011f\u0131 tezi olmas\u0131na ra\u011fmen ak\u0131ll\u0131 \u015fehirlerde \u00f6ne\n\u00e7\u0131kard\u0131klar\u0131 konular farkl\u0131la\u015f\u0131yor. Enerji tasarruflu cihazlar\n\u00fcreten bir \u015firket ak\u0131ll\u0131 \u015fehir s\u00f6ylemini \u00e7evresel sorunlara\nkar\u015f\u0131 geli\u015ftirilen \u00e7\u00f6z\u00fcmler \u00fczerine kuruyor. Y\u00fcksek\nteknolojili ayd\u0131nlatma altyap\u0131lar\u0131 satan bir \u015firket kamu\ng\u00fcvenli\u011fiyle ilgili konular\u0131 g\u00fcndeme getiriyor. A\u011f hizmetleri ve\ngeni\u015f bant altyap\u0131s\u0131 sa\u011flayan bir \u015firketin sunumlar\u0131nda ak\u0131ll\u0131\n\u015fehrin olaylara h\u0131zl\u0131 yan\u0131t verebilmesi ba\u015fk\u00f6\u015fede oluyor.<\/p>\n\n\n\n<p>\nHalegoua (2020), ak\u0131ll\u0131 \u015fehirleri me\u015frula\u015ft\u0131rmak i\u00e7in ortaya\nat\u0131lan iddialar\u0131 be\u015f ba\u015fl\u0131k alt\u0131nda ele al\u0131yor:Verimlilik,\nfark\u0131ndal\u0131k ve yan\u0131t verebilirlik, s\u00fcrd\u00fcr\u00fclebilirlik, ekonomik\ngeli\u015fme ve yurtta\u015f kat\u0131l\u0131m\u0131. \n<\/p>\n\n\n\n<p>\nSon y\u0131llarda uygulanan tasarruf politikalar\u0131 belediyeleri yeni\naray\u0131\u015flara y\u00f6neltiyor. K\u00fcresel ve ulusal politikadaki sorunlar\nkar\u015f\u0131s\u0131nda belediyeler teknolojiye dayal\u0131 stratejilere y\u00f6nelerek\nverimlili\u011fi art\u0131rmaya ve maliyetleri d\u00fc\u015f\u00fcrmeye \u00e7al\u0131\u015f\u0131yorlar.\nBu stratejilerin temelinde veri yer al\u0131yor. Kamu hizmetleri hakk\u0131nda\ntoplanan verinin, hizmetlerin verimini art\u0131raca\u011f\u0131 vurgulan\u0131yor.\n\u00d6rne\u011fin kar temizleme makinelerinin en gerekli yerlere\ny\u00f6nlendirilmesi, elektrik kesintilerine daha h\u0131zl\u0131 yan\u0131t\nverilebilmesi, enerji kaynaklar\u0131n\u0131n artan veya azalan talebe g\u00f6re\nayarlanmas\u0131 gibi \u00f6rneklere s\u0131k rastlan\u0131yor. Ak\u0131ll\u0131 \u015fehir\nanlat\u0131lar\u0131nda verimlilik ve optimizasyon \u00f6nemli bir yere sahip.<\/p>\n\n\n\n<p>\nFark\u0131ndal\u0131k ve yan\u0131t verebilirli\u011fin temelinde \u015fehrin\nkaotikli\u011fiyle m\u00fccadele var. Her yere yerle\u015ftirilen kamera ve\nalg\u0131lay\u0131c\u0131larla, \u015fehirdeki etkinlikleri izlemeyi ve sorunlar\u0131\n\u00f6nceden tahmin edebilmeyi hedefliyorlar. Bunun i\u00e7in de \u015fehir\netkinliklerinin verile\u015ftirilmesi ve analiz edilmesi gerekiyor.\nDonan\u0131m ve yaz\u0131l\u0131m satan satan \u015firketler verinin yararlar\u0131 ve\n\u00f6nemi \u00fczerinde fazlas\u0131yla dursalar da belediyeler, toplad\u0131klar\u0131\nveriyi anlaml\u0131 ama\u00e7lar i\u00e7in kullanmada yetersiz kal\u0131yorlar. \u00c7o\u011fu\nzaman ne i\u00e7in kullanabileceklerini bilmedikleri veri y\u0131\u011f\u0131nlar\u0131yla\nba\u015f ba\u015fa kal\u0131yorlar.<\/p>\n\n\n\n<p>\nBa\u015fta Siemens olamak \u00fczere baz\u0131 \u015firketlerin ak\u0131ll\u0131 \u015fehir\nanlat\u0131s\u0131 s\u00fcrd\u00fcr\u00fclebilirlik \u00fczerine kurulu. Siemens, enerji\nrezervlerinin s\u0131n\u0131rl\u0131l\u0131\u011f\u0131na ve yenilenebilir enerjinin artan\n\u00f6nemine i\u015faret ediyor. Siemens&#8217;e g\u00f6re b\u00fct\u00fcnle\u015ftirilmi\u015f\nteknolojiler ve veri, \u015fehirleri daha ye\u015fil, \u00e7evre dostu yapacak ve\nkaynaklar\u0131n daha verimli kullan\u0131lmas\u0131na yard\u0131mc\u0131 olacak. \u00d6rne\u011fin\nnesnelerin internetinin fiziksel yap\u0131lara ve y\u00f6netim sistemlerine\nentegre edilmesi ve kullan\u0131c\u0131lara enerji t\u00fcketimi hakk\u0131nda ger\u00e7ek\nzamanl\u0131 bilgi vermesi, evrensel yararla beraber maliyet ve enerji\nverimlili\u011fi de sa\u011flayacak.<\/p>\n\n\n\n<p>\nAk\u0131ll\u0131 \u015fehirlerin ekonomik geli\u015fmeye katk\u0131s\u0131 ise \u00fc\u00e7 iddiaya\ndayan\u0131yor: \u015eehir y\u00f6netimlerinin tasarruflar\u0131n\u0131n artaca\u011f\u0131;\nak\u0131ll\u0131 \u015fehir \u00fcr\u00fcnlerinin sat\u0131\u015f\u0131n\u0131n yeni gelir kaynaklar\u0131\nyarataca\u011f\u0131; i\u015f ve yeteneklere ev sahipli\u011fi yapman\u0131n \u015fehri\nekonomik etkinliklerin merkezi yapaca\u011f\u0131. Teknoloji firmalar\u0131n\u0131n\nyan\u0131 s\u0131ra artan ba\u011flant\u0131l\u0131l\u0131\u011f\u0131n ve veri g\u00fcd\u00fcml\u00fc\nservislerin toplumun marjinal kesimleri i\u00e7in de i\u015f olanaklar\u0131n\u0131\nart\u0131raca\u011f\u0131 iddia ediliyor. Ayr\u0131ca bu kesimlerin daha sa\u011fl\u0131kl\u0131\ng\u0131da kaynaklar\u0131na, sosyal hizmetlere ve potansiyel i\u015fverenlere\neri\u015fimi artacak.<\/p>\n\n\n\n<p>\nDaha \u00f6nceki ak\u0131ll\u0131 \u015fehir yaz\u0131lar\u0131mda ak\u0131ll\u0131 \u015fehir\nuygulamalar\u0131ndaki yurtta\u015f kat\u0131l\u0131m\u0131n\u0131n s\u0131n\u0131rl\u0131l\u0131klar\u0131\n\u00fczerinde durmu\u015ftum. \u015eirketlere haks\u0131zl\u0131k etmemek gerek!\nKat\u0131l\u0131mc\u0131l\u0131k, \u015firketlerin programlar\u0131nda \u00f6nemli bir yere\nsahip. \u015eirketler s\u0131k\u00e7a yurtta\u015f kat\u0131l\u0131m\u0131n\u0131n olanaklar\u0131n\u0131\nart\u0131rd\u0131klar\u0131n\u0131n reklam\u0131n\u0131 yapmalar\u0131na ra\u011fmen bunun ne\noldu\u011funu ve nas\u0131l \u00e7al\u0131\u015ft\u0131\u011f\u0131n\u0131 a\u00e7\u0131klamaktan ka\u00e7\u0131n\u0131yorlar.\nYurtta\u015flar\u0131n uzaktan meclis toplant\u0131lar\u0131na kat\u0131lmalar\u0131na olanak\nsa\u011flayan e-y\u00f6neti\u015fim sistemleri veya web siteleri ya da belediye\nyetkilileri ve \u015fehir sakinleri aras\u0131ndaki sosyal medya\netkile\u015fimleri gibi kat\u0131l\u0131m \u00f6rnekleri var. Son zamanlarda baz\u0131\nbelediyeler toplad\u0131klar\u0131 veriyi payla\u015f\u0131yor ve yurtta\u015flar\u0131n\nyarat\u0131c\u0131 \u00e7\u00f6z\u00fcmler geli\u015ftirebilmesinin \u00f6n\u00fcn\u00fc a\u00e7\u0131yor. Fakat\nkat\u0131l\u0131m tart\u0131\u015fmalar\u0131nda, <em>\u015eirketlerin ve <\/em><em>H<\/em><em>\u00fck\u00fcmetlerin\n<\/em><em>Y<\/em><em>\u00f6netti\u011fi <\/em><em>A<\/em><em>k\u0131ll\u0131 <\/em><em>\u015e<\/em><em>ehirler<\/em>\n(<a href=\"https:\/\/bilimvegelecek.com.tr\/index.php\/2020\/04\/01\/sirketlerin-ve-hukumetlerin-yonettigi-akilli-sehirler\/\">https:\/\/bilimvegelecek.com.tr\/index.php\/2020\/04\/01\/sirketlerin-ve-hukumetlerin-yonettigi-akilli-sehirler\/<\/a>)\nba\u015fl\u0131kl\u0131 yaz\u0131mda tart\u0131\u015ft\u0131\u011f\u0131m gibi kat\u0131l\u0131m\u0131n farkl\u0131\nd\u00fczeyleri var. \u015eirketlerin yakla\u015f\u0131m\u0131, Sherry Arnstein\u2019\u0131n\n<em>Yurtta\u015f Kat\u0131l\u0131m Merdiveni\u2019<\/em>nin\u00fcst basamaklardaki kat\u0131l\u0131m bi\u00e7imlerine olanak vermiyor.\n\u00d6rne\u011fin, kat\u0131l\u0131mc\u0131l\u0131\u011f\u0131 sadece belirli niteliklere sahip ve\nmakul say\u0131da ki\u015finin kat\u0131l\u0131m\u0131 olarak g\u00f6rebiliyorlar.\nHalegoua&#8217;n\u0131n (2020) vurgulad\u0131\u011f\u0131 gibi g\u00fcn\u00fcm\u00fczde bir \u00e7ok\nbelediye y\u00f6netimi ve \u015firket, kat\u0131l\u0131mc\u0131l\u0131\u011f\u0131 m\u00fc\u015fteri\nhizmetleri, kitle kaynakl\u0131 konu\u015fmalar ve b\u00fcy\u00fck veri k\u00fcmelerine\neri\u015fim \u00e7er\u00e7evesinde ele al\u0131yor. Yurtta\u015flar\u0131n kat\u0131l\u0131m\u0131\ns\u0131n\u0131rlar\u0131 \u00e7izilmi\u015f bir \u00e7er\u00e7evede veya karar hakk\u0131 olmayan,\nihmal edilebilir g\u00f6r\u00fc\u015fler olarak kal\u0131yor.<\/p>\n\n\n\n<h2 class=\"wp-block-heading\">Neoliberalizm\nve Ak\u0131ll\u0131 \u015eehirler<\/h2>\n\n\n\n<p>\nAk\u0131ll\u0131 \u015fehirlere y\u00f6neltilen ele\u015ftirilerin ba\u015f\u0131nda \u00f6zellikle\nak\u0131l k\u0131sm\u0131na odaklan\u0131lmas\u0131 ve \u015fehrin g\u00f6z ard\u0131 edilmesi\ngeliyor. Ak\u0131ll\u0131l\u0131k ise dijital teknolojilerin kullan\u0131m\u0131na\nindirgeniyor. \u015eehirlerin ak\u0131ll\u0131 i\u015flemedi\u011fi ve \u00e7e\u015fitli\nverimsizliklerle dolu oldu\u011fu, \u015fehrin veriler \u00fczerinden okunmas\u0131yla\ns\u00f6z konusu verimsizlik sorununun \u00e7\u00f6z\u00fclebilece\u011fi d\u00fc\u015f\u00fcn\u00fcl\u00fcyor.\n<\/p>\n\n\n\n<p>\n\u015eehir, her \u015feyden \u00f6nce insanlar\u0131n ya\u015fad\u0131\u011f\u0131 ve birbirleriyle\netkile\u015fime girdi\u011fi bir yer. Ancak ak\u0131ll\u0131 \u015fehir geli\u015ftiricilerin\nvizyonlar\u0131nda insanlar veri \u00fcreticileri, t\u00fcketiciler (veya\nm\u00fc\u015fteriler) ve \u015fehrin p\u00fcr\u00fczs\u00fcz i\u015fleyi\u015finin \u00f6n\u00fcndeki\nengeller olarak yer al\u0131yorlar. \u0130nsanlar\u0131n al\u0131\u015fkanl\u0131klar\u0131 ve\nistekleri bir engel olarak g\u00f6r\u00fcl\u00fcyor. Bu nedenle var olan bir\n\u015fehri ak\u0131lland\u0131rmaktansa s\u0131f\u0131rdan ak\u0131ll\u0131 \u015fehirler in\u015fa etmek\ndaha cazip g\u00f6r\u00fcn\u00fcyor. Fakat s\u0131f\u0131rdan in\u015fa edilen ak\u0131ll\u0131\n\u015fehirler, ne s\u0131radan insanlar ne de giri\u015fimciler i\u00e7in bir \u00e7ekim\nnoktas\u0131 olabildi; bir \u00e7o\u011fu h\u00e2l\u00e2 tenhal\u0131\u011f\u0131yla dikkat \u00e7ekiyor.<\/p>\n\n\n\n<p>\nAk\u0131ll\u0131 \u015fehirlerin \u00fctopik vizyonlar\u0131, verimlili\u011fi her \u015feyin\n\u00fczerinde g\u00f6rmeleri, ger\u00e7ekte olmayan (varsayd\u0131klar\u0131) sorunlar\ni\u00e7in \u00e7\u00f6z\u00fcmler geli\u015ftirmeleri, ama\u00e7s\u0131z ve kontrols\u00fcz bi\u00e7imde\nher yere d\u00f6\u015fenen alg\u0131lay\u0131c\u0131larla artan g\u00f6zetim ve mahremiyet\nihlalleri&#8230; Morozov ve Bria (2018), teknokratik yakla\u015f\u0131mlara\ny\u00f6neltilen bu ele\u015ftirilerinin yerinde oldu\u011funu fakat bu\nele\u015ftirilerde \u00e7o\u011fu zaman \u015fehirlerin sosyal akt\u00f6rler olduklar\u0131\nkadar kapitalist birikimin de motoru olduklar\u0131n\u0131n atland\u0131\u011f\u0131n\u0131\nve bug\u00fcn \u015fehirlerde ya\u015fanan d\u00f6n\u00fc\u015f\u00fcmde etkili olan ekonomik ve\npolitik s\u00fcre\u00e7lerin ak\u0131ll\u0131 \u015fehir tart\u0131\u015fmalar\u0131ndan \u00e7ok daha\n\u00f6nce sahnede oldu\u011funu savunuyor. Bu ba\u011flamda, jeopoliti\u011fi ve\nneoliberal ideolojinin \u015fehirleri nas\u0131l engelledi\u011fini ve\nk\u0131s\u0131tlad\u0131\u011f\u0131n\u0131 tart\u0131\u015fmak alternatif politikalar\u0131n\ngeli\u015ftirilebilmesi i\u00e7in \u00f6nemli. \u00c7\u00fcnk\u00fc san\u0131lan\u0131n aksine ak\u0131ll\u0131\n\u015fehir sahnesinde sadece \u015firketler ve belediyeler yok; devletler de\nvar. Bu nedenle Hindistan&#8217;da ABD, Alman ve \u00c7in firmalar\u0131 aras\u0131ndaki\nak\u0131ll\u0131 \u015fehirlerin in\u015fas\u0131 i\u00e7in pazar kavgas\u0131 k\u0131z\u0131\u015ft\u0131\u011f\u0131nda\nbu \u00fc\u00e7 \u00fclkeden politikac\u0131lar ara buluculuk yapmak zorunda\nkald\u0131lar. Belediye y\u00f6netimlerinin \u015firketlerle i\u015fbirli\u011fi de\n\u00e7o\u011funlukla yoldan \u00e7\u0131km\u0131\u015f yetkililer y\u00fcz\u00fcnden de\u011fil,\nneoliberalizmin son otuz y\u0131ld\u0131r belediyelerin \u00f6zerkli\u011fini ve\nalternatiflerini k\u0131s\u0131tlam\u0131\u015f olmas\u0131ndan kaynaklan\u0131yor.<\/p>\n\n\n\n<p>\nBelediyeler, farkl\u0131 nedenlerle ak\u0131ll\u0131 \u015fehir projelerine\ny\u00f6neliyorlar. Birincisi, iddial\u0131 ve evrensel olarak kabul g\u00f6ren\nhedefler (yurtta\u015f kat\u0131l\u0131m\u0131n\u0131 art\u0131rmak, kamu hizmetlerini\nki\u015fiselle\u015ftirmek, ulusal ve yerel y\u00f6netimlerde b\u00fcrokrasiyi\nazaltmak, daha ya\u015fan\u0131labilir bir \u00e7evre yaratmak, ekonomik b\u00fcy\u00fcme,\nyarat\u0131c\u0131l\u0131\u011f\u0131 art\u0131rmak vb) i\u00e7in teknolojiden yararlanmak\nistemeleri. \u00d6nceki b\u00f6l\u00fcmde belirtti\u011fim gibi \u015firketler tam da bu\ntip ihtiya\u00e7lar\u0131 kar\u015f\u0131layabildiklerini iddia eden \u00e7\u00f6z\u00fcmler\nsat\u0131yorlar. \u0130kincisi ve daha az tart\u0131\u015f\u0131lan ise b\u00fct\u00e7e\nkesintileri ve kemer s\u0131kma politikalar\u0131n\u0131n zorlay\u0131c\u0131 etkisi.\nAk\u0131ll\u0131 teknolojilerin tasarruf sa\u011flayaca\u011f\u0131 beklentisi ve\n\u015firketlerin dillerinden d\u00fc\u015f\u00fcrmedi\u011fi verimlilik ve optimizasyon\ns\u00f6zc\u00fckleri belediyelere \u00e7ekici geliyor.<\/p>\n\n\n\n<p>\nMorozov ve Bria\u2019n\u0131n (2018) alt\u0131n\u0131 \u00e7izdi\u011fi gibi belediyelerin\nak\u0131ll\u0131 \u015fehir deneyleri ve neoliberalizmin d\u00fczenleyici ayg\u0131tlar\u0131\ni\u00e7 i\u00e7e ge\u00e7mi\u015f durumda. Neoliberalizm, merkezi h\u00fck\u00fcmetlerin\nmerkeziyet\u00e7ili\u011finden ve d\u00fczenlemelerinden muaf olmakla \u00f6v\u00fcnse de\n\u00e7e\u015fitli derecelendirme kurulu\u015flar\u0131 taraf\u0131ndan yap\u0131lan ve daha\ng\u00f6r\u00fcnmez olan d\u00fczenlemeler i\u00e7eriyor. \u015eehirlerin derecelendirme\nkurulu\u015flar\u0131n\u0131n tablolar\u0131ndaki yeri, yat\u0131r\u0131mc\u0131lar\u0131n\nkararlar\u0131nda ve bor\u00e7 bulabilmelerinde etkili oluyor. Ulusal\nh\u00fck\u00fcmetlerin belediyelerin b\u00fct\u00e7elerini kesmesi, belediyelere bor\u00e7\nalmaktan ba\u015fka bir se\u00e7enek b\u0131rakm\u0131yor. Bu nedenle, ak\u0131ll\u0131l\u0131k\n\u015fehirlerin bir tercihinden \u00e7ok para bulma ve yat\u0131r\u0131mlar\u0131 \u00e7ekmeyi\nkolayla\u015ft\u0131ran bir etiket olabiliyor. Di\u011fer yandan, verimlilik\ntak\u0131nt\u0131s\u0131 ve her \u015feyi verile\u015ftirme tutkusu, nicelle\u015ftirmeye\nb\u00fcy\u00fck \u00f6nem veren neoliberal politikalar\u0131n uygulanabilirli\u011fini\nart\u0131r\u0131yor. Belediye hizmetlerinin \u00f6zelle\u015ftirilmesi ve\nta\u015feronla\u015ft\u0131r\u0131lmas\u0131 uluslararas\u0131 finans dan\u0131\u015fmanl\u0131\u011f\u0131\nfirmalar\u0131n\u0131n (Ernst &amp; Young, Deloitte, PwC, KPMG) \u00f6nc\u00fcl\u00fc\u011f\u00fcnde\ny\u00fcr\u00fct\u00fcl\u00fcyor. Sosyal ve politik problemlerin metala\u015ft\u0131r\u0131lmas\u0131yla\nnormal \u015fartlarda \u00e7\u00f6z\u00fcm\u00fcn bir par\u00e7as\u0131 olamayacak bankalar ve\nfinansal kurulu\u015flar gibi akt\u00f6rler oyuna dahil oluyorlar. \u00c7e\u015fitli\nveri analiti\u011fi uygulamalar\u0131 ve \u00f6l\u00e7\u00fcmlerle, hedefler ve \u00e7\u0131kt\u0131lar\nkar\u015f\u0131la\u015ft\u0131r\u0131l\u0131yor, istenen \u00e7\u0131kt\u0131lara g\u00f6re s\u00fcre\u00e7ler\nyeniden yap\u0131land\u0131r\u0131l\u0131yor. Morozov ve Bria (2018), t\u00fcm bunlar\u0131n\nfiziksel ve be\u015feri kaynaklar\u0131 izleyen ve kontrol eden b\u00fcy\u00fck\naltyap\u0131lar sayesinde hayata ge\u00e7irilebildi\u011fini vurguluyor.<\/p>\n\n\n\n<p>\nAncak bu modelin en b\u00fcy\u00fck sorunu k\u0131sa d\u00f6nemli projelere a\u011f\u0131rl\u0131k\nvermesi ve uzun d\u00f6nemli altyap\u0131 yat\u0131r\u0131mlar\u0131ndan ka\u00e7\u0131nmas\u0131.\n\u015eirketler, yat\u0131r\u0131m yapt\u0131klar\u0131 \u015fehirde k\u0131sa s\u00fcrede kazan\u00e7\nelde etmek ve \u015fehirden ayr\u0131lmak istiyorlar. Bu yakla\u015f\u0131m, uzun\nd\u00f6nemli planlar\u0131n kaynak bulmas\u0131n\u0131 zorla\u015ft\u0131rd\u0131\u011f\u0131 gibi\n\u015firketlerin \u015fehirde bulundu\u011fu k\u0131sa s\u00fcre i\u00e7inde k\u00e2r\u0131n\u0131\nolabildi\u011fince art\u0131rmaya \u00e7al\u0131\u015fmas\u0131 \u00e7e\u015fitli sorunlara neden\noluyor. \u00d6rne\u011fin, alternatifi olmayan bir altyap\u0131y\u0131 kullanan\nvatanda\u015flardan y\u00fcksek \u00fccretler talep edebiliyorlar. Ya da\nkaynaklar\u0131 s\u00fcrekli aktif halde tutarak kaynaklar\u0131n daha h\u0131zl\u0131\ny\u0131pranmas\u0131na neden olabiliyorlar.<\/p>\n\n\n\n<p>\nMorozov ve Bria (2018), ak\u0131ll\u0131 \u015fehirlerde pek tart\u0131\u015fmad\u0131\u011f\u0131m\u0131z\niki akt\u00f6re dikkat \u00e7ekiyor: Emlak\u00e7\u0131lar ve in\u015faat\u00e7\u0131lar.\nAk\u0131ll\u0131l\u0131k, binalar\u0131n in\u015fas\u0131 ve kiralanmas\u0131nda (ya da\nsat\u0131\u015f\u0131nda) ev fiyatlar\u0131na ekleniyor. \u015eehir sakinlerinden elde\nedilen veri ve emlak\u00e7\u0131lar\u0131n kirac\u0131lar\u0131 izleyebilmesi, m\u00fclk\nsahiplerinin ald\u0131\u011f\u0131 riskleri azalt\u0131yor. \u00d6rne\u011fin, kiras\u0131n\u0131\ngeciktiren veya ba\u015fka sorunlar yaratan kirac\u0131lar sistemden takip\nediliyor ve risk skorlar\u0131 belirleniyor. Hatta ev sahipleri ve\nemlak\u00e7\u0131lar i\u00e7in kirac\u0131 adaylar\u0131n\u0131n \u00e7evrimi\u00e7i etkinliklerini\nde analiz eden giri\u015fimci firmalar var (Kredi alacaklar\u0131\nderecelendiren bankalar, su\u00e7 potansiyeli olan yurtta\u015flar hakk\u0131nda\nkestirimde bulunan g\u00fcvenlik birimleri gibi).<\/p>\n\n\n\n<p>\nAlternatif ak\u0131ll\u0131 \u015fehirler yaratabilmenin \u00f6n ko\u015fullar\u0131ndan biri\nbelediyelerin kar\u015f\u0131 kar\u015f\u0131ya oldu\u011fu s\u0131n\u0131rl\u0131l\u0131klar\u0131 ve\nko\u015fullar\u0131 g\u00f6z \u00f6n\u00fcnde bulundurarak somut politikalar\ngeli\u015ftirebilmek. Ulusal ve k\u00fcresel \u00f6l\u00e7ekte \u00f6nemli de\u011fi\u015fimler\nya\u015fan\u0131yor. Belediyelerin kronikle\u015fmi\u015f sorunlar\u0131n\u0131 teknolojik\nyamalarla \u00e7\u00f6zmeye \u00e7al\u0131\u015fmalar\u0131n\u0131 sadece y\u00f6netenlerin\nteknokratik bak\u0131\u015f a\u00e7\u0131s\u0131 veya \u015firketlerin etkisi alt\u0131nda\nkalmalar\u0131yla a\u00e7\u0131klamay\u0131z. Morozov ve Bria\u2019n\u0131n (2018) ortaya\nkoydu\u011fu gibi \u00f6zellikle ABD&#8217;de Silikon Vadisi&#8217;nin \u00f6nc\u00fcl\u00fc\u011f\u00fcnde\nba\u015flayan, platform ekonomileriyle h\u0131z kazanan ve di\u011fer \u00fclkelere\nyay\u0131lan refah devleti hizmetlerinin (ula\u015f\u0131m, sa\u011fl\u0131k, bar\u0131nma,\ne\u011fitim vb) \u00f6zelle\u015ftirilmesi s\u00fcreci atlanmamas\u0131 gereken bir konu.<\/p>\n\n\n\n<p>\nMorozov ve Bria\u2019n\u0131n (2018) &#8220;\u00f6zelle\u015ftirilen Keynes\u00e7ilik&#8221;\nad\u0131n\u0131 verdi\u011fi bu s\u00fcre\u00e7, Uber&#8217;in T\u00fcrkiye\u2019ye giri\u015finde bizim\nyapt\u0131\u011f\u0131m\u0131z gibi, basit\u00e7e yenilik\u00e7i giri\u015fimler ve geleneksel\nkurumlardan birinin taraf\u0131n\u0131 tutarak ge\u00e7i\u015ftirilemez.\n&#8220;\u00d6zelle\u015ftirilen Keynes\u00e7ilik&#8221;, refah devleti\nhizmetlerinin \u00f6zelle\u015ftirme sald\u0131r\u0131lar\u0131 kar\u015f\u0131s\u0131nda eridi\u011fi ve\ni\u015fsizli\u011fin artt\u0131\u011f\u0131 bir d\u00f6nemde onun yerini al\u0131yor; insanlara\ndaha ucuz ula\u015f\u0131m veya bar\u0131nma hakk\u0131 sa\u011flad\u0131\u011f\u0131 gibi i\u015f\nolana\u011f\u0131 da sa\u011fl\u0131yor. K\u0131sa vadeli bu yararlar\u0131n ileride\ntekelle\u015fme ve daha a\u011f\u0131r\/g\u00fcvencesiz \u00e7al\u0131\u015fma ko\u015fullar\u0131 ile\nsonu\u00e7lanaca\u011f\u0131n\u0131 tahmin etmek zor de\u011fil. Ancak Uber&#8217;e kar\u015f\u0131\nsar\u0131 taksileri, Airbnb\u2019ye kar\u015f\u0131 otelleri desteklemek de pek\nanlaml\u0131 g\u00f6r\u00fcnm\u00fcyor. Airbnb ve Uber gibi platformlar\u0131 do\u011frudan\nd\u00fczenleme giri\u015fimi ise fiyatlar\u0131 art\u0131raca\u011f\u0131ndan ve hizmet\nsa\u011flay\u0131c\u0131lar\u0131n kazanc\u0131n\u0131 azaltabilece\u011finden yurtta\u015flar\u0131n\ntepkisini \u00e7ekebilir. Fakat platformlar\u0131n faaliyetlerini\nd\u00fczenlememek veya bunu s\u00fcrekli ertelemek daha sonra daha b\u00fcy\u00fck\nsorunlara neden olacak.<\/p>\n\n\n\n<p>\nG\u00fcn\u00fcm\u00fczde tart\u0131\u015fmalar daha \u00e7ok Uber ve Airbnb&#8217;nin \u015fehirlerdeki\nfaaliyetlerine yo\u011funla\u015fmas\u0131na kar\u015f\u0131n Google gibi b\u00fcy\u00fck\n\u015firketler de \u015fehirlere y\u00f6neliyor. Baz\u0131 belediyeler, Google&#8217;\u0131n\ndeste\u011fiyle kamusal alanlarda \u00fccretsiz internet eri\u015fimi hizmeti\nveriyor. Google, bunun kar\u015f\u0131l\u0131\u011f\u0131nda para istemiyor, sadece\nkullan\u0131c\u0131lar\u0131n verilerini al\u0131yor. Tasarruf etmek isteyen\nbelediyeler i\u00e7in k\u00e2rl\u0131\nbir al\u0131\u015fveri\u015f oldu\u011fu d\u00fc\u015f\u00fcn\u00fclebilir. Fakat Morozov ve Bria\u2019n\u0131n\n(2018) belirtti\u011fi gibi g\u00fcn\u00fcm\u00fczde ak\u0131ll\u0131 \u015fehirlerde toplanan\nverinin \u00e7o\u011fu zaman reklamc\u0131l\u0131kla ilgisi yok. Toplanan veriler,\nbelediye hizmetlerinin sunumunu ger\u00e7ekle\u015ftiren (veya\nger\u00e7ekle\u015ftirecek) YZ sistemlerinin yak\u0131t\u0131!  Google da elde etti\u011fi\nverilerle YZ sistemlerini e\u011fitiyor ve iyile\u015ftiriyor. Bug\u00fcn\n\u00fccretsiz internet eri\u015fimi i\u00e7in Google&#8217;la anla\u015fma yapan\nbelediyeler yar\u0131n ak\u0131ll\u0131 \u015fehirleri i\u00e7in Google&#8217;dan \u00fccretli YZ\nhizmeti alacaklar&#8230;<\/p>\n\n\n\n<h2 class=\"wp-block-heading\">Teknolojik\nEgemenlik Neden Gerekli?<\/h2>\n\n\n\n<p>\n\u015eehirler \u00e7ok \u00f6nemli olmakla beraber bug\u00fcn insanlar\u0131n kar\u015f\u0131\nkar\u015f\u0131ya oldu\u011fu t\u00fcm sorunlar\u0131 sadece \u015fehir ba\u011flam\u0131nda\ny\u00fcr\u00fct\u00fclen m\u00fccadelelerle \u00e7\u00f6zemeyiz. Morozov ve Bria\u2019n\u0131n\n(2018) i\u015faret etti\u011fi gibi neoliberalizmin d\u0131\u015f\u0131na \u00e7\u0131kmak\nisteyen \u015fehirlerin \u00f6ncelikle kendi s\u0131n\u0131rl\u0131l\u0131klar\u0131n\u0131n fark\u0131nda\nolmas\u0131 gerekiyor. \u015eehirler, Google, Facebook ve Uber gibi teknoloji\n\u015firketleriyle boy \u00f6l\u00e7\u00fc\u015febilecek hesaplama g\u00fcc\u00fcne ve veriye\nsahip de\u011filler. Ayr\u0131ca \u015fehirlerin politik ve ekonomik modelleri,\nyerel olarak de\u011fil, ulusal ve k\u00fcresel politikalarla belirleniyor.\nDolay\u0131s\u0131yla asi \u015fehirlerin neoliberalizme kar\u015f\u0131 m\u00fccadelesi\ngerekli, \u00f6nemli ama s\u0131n\u0131rlar\u0131 var. Bu s\u0131n\u0131rlar, \u00f6zellikle\n\u015fehir d\u0131\u015f\u0131 alanlardaki akt\u00f6rlerle i\u015fbirli\u011fine gidilmedi\u011finde\ndaha belirgin oluyor.<\/p>\n\n\n\n<p>\n\u015eehirlerin ba\u011f\u0131ms\u0131z ve etkili politikalarla kendi kaderlerine\nsahip \u00e7\u0131kmal\u0131lar ve bunda kararl\u0131 olmal\u0131lar. Uluslararas\u0131\nsermaye, TTIP (The Transatlantic Trade and Investment Partnership &#8211;\nTransatlantik Ticaret ve Yat\u0131r\u0131m Ortakl\u0131\u011f\u0131) gibi anla\u015fmalarla\ntemel altyap\u0131n\u0131n yeniden belediyele\u015ftirilmesini, alternatif veri\nsahipli\u011fi y\u00f6netim bi\u00e7imlerini veya Airbnb, Uber gibi \u015firketlerin\nfaaliyetlerinin s\u0131radan yurtta\u015flar\u0131n haklar\u0131 do\u011frultusunda\nd\u00fczenlenmesini engellemeye \u00e7al\u0131\u015f\u0131l\u0131yor. TIPP gibi \u015fehirlerin\nelini kolunu ba\u011flamaya \u00e7al\u0131\u015fan d\u00fczenlemelere kar\u015f\u0131 \u015fehirlerin\nbir araya gelebilmesi \u00f6nemli.<\/p>\n\n\n\n<p>\nAma daha \u00f6nemlisi dijital teknolojilerin artan \u00f6nemini do\u011fru\nde\u011ferlendirebilmek. E\u011fitim, sa\u011fl\u0131k, ula\u015f\u0131m, enerji gibi\nhizmetler dijital teknolojilere ba\u011f\u0131ml\u0131 hale gelmeye ba\u015flad\u0131. Bu\nhizmetler, ak\u0131ll\u0131 \u015fehirlerle beraber Morozov ve Bria\u2019n\u0131n (2018)\n\u00fcst hizmet (meta-utility) ad\u0131n\u0131 verdi\u011fi alg\u0131lay\u0131c\u0131lar, veri ve\nalgoritmalardan olu\u015fan bir yap\u0131n\u0131n alt\u0131nda toplan\u0131yorlar.\nBelediyeler teknoloji \u00fczerindeki egemenliklerini kaybettiklerinde\ndi\u011fer altyap\u0131lar \u00fczerindeki belirleyicilikleri de zay\u0131fl\u0131yor. Bu\nnedenle, \u015fehirlerin kulland\u0131klar\u0131 teknolojilerin i\u015fleyi\u015fi ve\nhangi ama\u00e7lara hizmet etti\u011fi hakk\u0131nda s\u00f6z sahibi olabilmesi\nanlam\u0131na gelen teknolojik egemenlik giderek daha fazla \u00f6nem\nkazan\u0131yor. Art\u0131k, su, enerji, bar\u0131nma, e\u011fitim gibi haklar\u0131\ndijital teknolojilerden ayr\u0131 d\u00fc\u015f\u00fcnemeyiz.<\/p>\n\n\n\n<p>\nPaul Mason&#8217;un, Teknolojik Egemenlik \u0130\u00e7in Barselona \u0130nisiyatifi&#8217;nin\nkurulu\u015funda vurgulad\u0131\u011f\u0131 gibi \u015fehirlerin teknoloji hakk\u0131nda\nb\u00fct\u00fcnsel bir yakla\u015f\u0131ma ihtiyac\u0131 var\n(<a href=\"https:\/\/medium.com\/mosquito-ridge\/postcapitalism-and-the-city-6dda80bc201d\">https:\/\/medium.com\/mosquito-ridge\/postcapitalism-and-the-city-6dda80bc201d<\/a>).\nManson\u2019a g\u00f6re teknolojik egemenlik i\u00e7in yap\u0131lmas\u0131 gerekenler:<\/p>\n\n\n\n<ul class=\"wp-block-list\"><li>M\u00fc\u015ftereklerin\n\t\u015fehrini ve i\u015fbirli\u011fine dayal\u0131 \u00fcretimi kurmak ana referans\n\tnoktas\u0131 olmal\u0131.\n\t<\/li><li>\u00d6zelle\u015ftirmelere\n\tson verilmeli; kritik altyap\u0131 ve hizmetler yeniden\n\tbelediyele\u015ftirilmeli.\n\t<\/li><li>Bar\u0131nma,\n\tula\u015f\u0131m, e\u011fitim ve sa\u011fl\u0131k gibi hizmetlerin maliyeti toplumun en\n\tg\u00fcvencesiz katmanlar\u0131na yard\u0131mc\u0131 olabilmek i\u00e7in azalt\u0131lmal\u0131.\n\t<\/li><li>Ger\u00e7ek veriye\n\tdayal\u0131 ekonomik modeller in\u015fa edilmeli ve karma\u015f\u0131k kararlar\u0131\n\tmodellemek i\u00e7in kat\u0131l\u0131mc\u0131 demokrasiye olanak sa\u011flanmal\u0131.\n\t<\/li><li>Piyasac\u0131 ve\n\tdevlet\u00e7i \u00e7\u00f6z\u00fcmlere kar\u015f\u0131 i\u015fbirli\u011fine dayal\u0131 \u00e7\u00f6z\u00fcmler\n\ttercih edilmeli ve desteklenmeli.\n\t<\/li><li>Yoksullu\u011fa ve\n\ttoplumsal d\u0131\u015flanmaya kar\u015f\u0131 odaklanan Evrensel Temel Gelir\n\tkurumsalla\u015ft\u0131r\u0131lmal\u0131.\n\t<\/li><li>\u015eehir veri\n\tm\u00fc\u015fterekleri kurulmal\u0131 ve kamu hizmetlerinin sa\u011flanmas\u0131ndan\n\telde edilecek verinin hizmet operat\u00f6rlerince sahiplenilmesinin\n\t\u00f6n\u00fcne ge\u00e7ilmeli.\n<\/li><\/ul>\n\n\n\n<p>\nBarselona Belediyesi, teknolojik egemenlik ve m\u00fc\u015ftereklere dayal\u0131\nbir \u015fehrin hayata ge\u00e7irilmesinde \u00f6nemli ad\u0131mlar atan\nbelediyelerin ba\u015f\u0131nda geliyor. Barselona deneyiminin g\u00f6sterdi\u011fi\ngibi teknolojik egemenlik i\u00e7in m\u00fccadele, ittifaklar kurmay\u0131\ngerektiriyor. Bu nedenle, teknolojik egemenlik i\u00e7in y\u00fcr\u00fct\u00fclen\nm\u00fccadele, \u015fehir hakk\u0131 i\u00e7in yap\u0131lan veya neoliberalizm kar\u015f\u0131t\u0131\ndi\u011fer m\u00fccadelelerden ayr\u0131 d\u00fc\u015f\u00fcn\u00fclemez. Barselona&#8217;da\nneoliberalizmin stat\u00fckosuna meydan okuyan belediye ba\u015fkan\u0131 Ada\nColau\u2019nun bar\u0131nma hakk\u0131 m\u00fccadelesinden gelen biri olmas\u0131\nrastlant\u0131 de\u011fil. Colau y\u00f6netime geldikten hemen sonra bar\u0131nman\u0131n\nyan\u0131nda su ve enerji sorunlar\u0131yla ilgilendi; platform ekonomisini\nd\u00fczenlemeye \u00e7al\u0131\u015ft\u0131. Barselona y\u00f6netimi, teknolojinin art\u0131k\nsadece teknoloji olmad\u0131\u011f\u0131, bir \u00fcst hizmet oldu\u011fu bilinciyle\ntemel bile\u015fenleri \n<\/p>\n\n\n\n<ul class=\"wp-block-list\"><li>\u00f6zg\u00fcr\/a\u00e7\u0131k\n\tkaynakl\u0131 yaz\u0131l\u0131m, a\u00e7\u0131k standart ve mimariler; \n\t\n\t<\/li><li>kullan\u0131c\u0131\n\tmerkezli dijital hizmetlerin geli\u015ftirilmesi i\u00e7in esnek y\u00f6ntemlerin\n\tuygulanmas\u0131;\n\t<\/li><li>hizmet\n\tal\u0131mlar\u0131nda \u015feffafl\u0131\u011f\u0131, a\u00e7\u0131k veri ve standartlar\u0131 temel\n\talan bir rehberin olu\u015fturulmas\u0131;\n\t<\/li><li>merkezinde\n\tmahremiyet ve veri egemenli\u011fi olan bir veri y\u00f6nergesinin\n\tolu\u015fturulmas\u0131;\n<\/li><\/ul>\n\n\n\n<p>\nolan Dijital D\u00f6n\u00fc\u015f\u00fcm Yol Haritas\u0131\u2019n\u0131 yay\u0131mlad\u0131.<\/p>\n\n\n\n<h2 class=\"wp-block-heading\">\nTeknolojik Egemenlik Nas\u0131l\nKazan\u0131l\u0131r?<\/h2>\n\n\n\n<p>\n\u015eehirler, teknolojiyi ger\u00e7ekten s\u00fcrd\u00fcr\u00fclebilirlik, ekonomik\ngeli\u015fme ve yurtta\u015f kat\u0131l\u0131m\u0131n\u0131n bir par\u00e7as\u0131 haline\ngetirebilir. Refah devletinin bir \u00e7ok hizmetinin teknolojiye (ve\ndolay\u0131s\u0131yla bu hizmeti sunanlara) ba\u011f\u0131ml\u0131 hale geliyor olmas\u0131\nMorozov ve Bria\u2019n\u0131n (2018) dokuz maddede \u00f6zetledi\u011fi teknolojik\negemenlik d\u00fc\u015f\u00fcncesini daha \u00f6nemli yap\u0131yor. On y\u0131l \u00f6nce dijital\nteknolojiler daha \u00e7ok ileti\u015fim hakk\u0131 ve ifade \u00f6zg\u00fcrl\u00fc\u011f\u00fcyle\nili\u015fkilendirilirken art\u0131k sa\u011fl\u0131k, e\u011fitim, su, enerji gibi haklar\ndijital hizmetleri sunanlara ba\u011f\u0131ml\u0131 hale geliyor. Morozov ve\nBria\u2019n\u0131n (2018) baz\u0131 \u00f6nerileri \u015fu an bize \u00e7ok uzak gelse de bu\n\u00f6nerilerin arka plan\u0131nda \u015fehrin, kendini ba\u011f\u0131ms\u0131z olarak nas\u0131l\nyeniden \u00fcretebilece\u011fi ve s\u00fcrd\u00fcrebilece\u011fi sorusu var.<\/p>\n\n\n\n<h3 class=\"wp-block-heading\">1.\nAlternatif Veri Sahipli\u011fi Y\u00f6netim Bi\u00e7imleri: \u015eehir Veri\nM\u00fc\u015fterekleri<\/h3>\n\n\n\n<p>\nBir zamanlar veri toplaman\u0131n temelinde kullan\u0131c\u0131lara en uygun\nreklam\u0131 g\u00f6stermek vard\u0131. G\u00fcn\u00fcm\u00fczde ise veri, YZ&#8217;ye dayal\u0131\nhizmetlerin temelini olu\u015fturuyor. Platform ekonomilerini kamu\n\u00e7\u0131karlar\u0131 do\u011frultusunda d\u00fczenleyebilmek i\u00e7in ki\u015fisel verinin\nsahipli\u011fi, kontrol\u00fc ve y\u00f6netimi hakk\u0131ndaki sorunlar\u0131n \u00e7\u00f6z\u00fclmesi\ngerekiyor. G\u00fcn\u00fcm\u00fczde nesnelerin interneti teknolojisinin par\u00e7al\u0131\nyap\u0131s\u0131, \u00fcr\u00fcn\u00fc satan \u015firketler d\u0131\u015f\u0131ndaki akt\u00f6rlerin s\u00fcrece\ndahil olmas\u0131n\u0131 ve yenilik\u00e7i \u00e7\u00f6z\u00fcmler geli\u015ftirmesini\nzorla\u015ft\u0131r\u0131yor.<\/p>\n\n\n\n<p>\nBu nedenle, belediyelerin g\u00fcvenli veri payla\u015f\u0131m\u0131 i\u00e7in gerekli\nko\u015fullar\u0131 sa\u011flamalar\u0131 gerekiyor. Airbnb ve Uber ile rekabet etmek\nisteyen bir \u015fehir, gerekli ham veriye sahip olmadan bunu\nger\u00e7ekle\u015ftiremez. Baz\u0131 \u015fehirlerin ise ham veriye sahip olmalar\u0131na\nra\u011fmen bunu organize etmekte zorland\u0131klar\u0131 ve veriden somut bir\nde\u011fer elde edemedikleri g\u00f6r\u00fcl\u00fcyor. \u015eehir veri m\u00fc\u015ftereklerinin\nhayat ge\u00e7irilmesi, ademimerkeziyet\u00e7i yenilik ekosistemi sayesinde\nyenilik\u00e7i giri\u015fimcilerin ve teknoloji merakl\u0131s\u0131 yurtta\u015flar\u0131n\npotansiyelini a\u00e7\u0131\u011fa \u00e7\u0131karabilir. Veriye dayal\u0131 merkezi platform\nekonomilerinin ademimerkeziyet\u00e7i, s\u00fcrd\u00fcr\u00fclebilir ve m\u00fc\u015ftereklere\ndayal\u0131 bir yap\u0131ya ge\u00e7i\u015fi zorlanabilir. Bu ge\u00e7i\u015f, verinin kamu\n\u00e7\u0131karlar\u0131 i\u00e7in kullan\u0131labilmesinin \u00f6n\u00fc a\u00e7acakt\u0131r.<\/p>\n\n\n\n<p>\nD\u00fcnyan\u0131n farkl\u0131 \u015fehirlerinde veri m\u00fc\u015ftereklerine dayal\u0131\n\u00e7e\u015fitli giri\u015fimler var. Bu giri\u015fimlerin ba\u015f\u0131nda, AB destekli\nDECODE projesi geliyor. Amsterdam ve Barselona&#8217;da y\u00fcr\u00fct\u00fclen\nprojede, verinin sahipli\u011fini ve kontrol\u00fcn\u00fc yurtta\u015flara veren, bir\nyandan veri payla\u015f\u0131m\u0131na olanak sa\u011flarken di\u011fer yandan mahremiyet\nhaklar\u0131n\u0131 koruyan ademimerkeziyet\u00e7i bir altyap\u0131 in\u015fa ediliyor.\nVeri, onu kullanarak bir \u015feyler \u00fcretmek isteyen herkesin\nkullan\u0131m\u0131na a\u00e7\u0131k. Helsinki&#8217;deki MyData projesi, ki\u015fisel veri\ny\u00f6netimine insan merkezli yakla\u015farak kurulu\u015flar\u0131n veri\nihtiya\u00e7lar\u0131n\u0131 insanlar\u0131n dijital haklar\u0131yla birle\u015ftirme\n\u00e7al\u0131\u015f\u0131yor. Ki\u015fisel verilerin ikincil kullan\u0131m\u0131 i\u00e7in\nyurtta\u015flar\u0131n r\u0131zas\u0131 \u015fart\u0131n\u0131 getiriyor. Paris&#8217;teki DataCit\u00e9s\nprojesi, yine ki\u015fisel haklar ve verinin kullan\u0131m\u0131 aras\u0131ndaki\nsorunu a\u015fmaya \u00e7al\u0131\u015f\u0131yor. Ula\u015f\u0131m, enerji ve at\u0131k y\u00f6netimi\nalanlar\u0131nda \u015fehir hizmetleri i\u00e7in alternatif modeller geli\u015ftirmeye\n\u00e7al\u0131\u015f\u0131yor. \u0130ngiltere&#8217;de Nesta&#8217;n\u0131n \u00f6nc\u00fcl\u00fc\u011f\u00fcnde geli\u015ftirilen\nSa\u011fl\u0131k Bilgisi M\u00fc\u015fterekleri hastal\u0131klar, te\u015fhisler ve tedaviler\nhakk\u0131ndaki bilgileri bir araya getiriyor.<\/p>\n\n\n\n<p>\nK\u0131sacas\u0131, veri m\u00fc\u015ftereklerinin iki \u00f6nemli bile\u015feni var:\nmahremiyetin korunmas\u0131 ve yeni \u00fcr\u00fcnler geli\u015ftirmek isteyenler\ni\u00e7in verinin herkesin eri\u015febildi\u011fi bir \u00fcretim arac\u0131 olmas\u0131.<\/p>\n\n\n\n<h3 class=\"wp-block-heading\">2. \u00d6zg\u00fcr\nYaz\u0131l\u0131m, A\u00e7\u0131k Standartlar ve Esnek Hizmet Sa\u011flama<\/h3>\n\n\n\n<p>\n\u00d6zg\u00fcr yaz\u0131l\u0131m ve a\u00e7\u0131k\nstandartlar\u0131n temelinde, yeni \u00fcr\u00fcnler geli\u015ftirmek isteyenler i\u00e7in\ngerekli ko\u015fullar\u0131 sa\u011flama ve bir ya da birka\u00e7 \u015firketin dijital\naltyap\u0131n\u0131n kontrol\u00fcn\u00fc ele ge\u00e7irmesini \u00f6nleme hedefi var. \u00dcr\u00fcn\u00fcn\nkaynak koduna eri\u015fim ve onu yeni ihtiya\u00e7lara g\u00f6re yeniden\n\u00fcretebilme hakk\u0131 \u00fcretim \u00f6zg\u00fcrl\u00fc\u011f\u00fcn\u00fcn temelini olu\u015fturuyor.\nA\u00e7\u0131k standartlar da kullan\u0131c\u0131y\u0131 belirli bir firmaya\nba\u011f\u0131ml\u0131l\u0131ktan kurtar\u0131yor ve geli\u015ftirilecek yeni sistemlerin\neskileriyle uyum halinde \u00e7al\u0131\u015fabilmesini sa\u011fl\u0131yor. \n<\/p>\n\n\n\n<p>\nAyr\u0131ca hizmetlerin, toplumun\nfarkl\u0131 kesimlerinin (dijital okur yazarl\u0131\u011f\u0131 yetersiz olanlar,\nengelliler gibi) kolayca kullanabilece\u011fi ve eri\u015febilece\u011fi bi\u00e7imde\ntasarlanmas\u0131 gerekiyor. Mod\u00fcler ve birlikte \u00e7al\u0131\u015fabilirlik\nilkesine uyan \u00e7\u00f6z\u00fcmlerin ba\u015fka \u015fehirlerde de kullan\u0131labilece\u011fi\nunutulmamal\u0131. 2017&#8217;de Avrupa \u00d6zg\u00fcr Yaz\u0131l\u0131m Vakf\u0131 taraf\u0131ndan\n\u00f6rg\u00fctlenen &#8220;Halk\u0131n Paras\u0131, Halk\u0131n Kodu&#8221; kampanyas\u0131\n(<a href=\"https:\/\/publiccode.eu\/tr\/\">https:\/\/publiccode.eu\/tr\/<\/a>)\nak\u0131ll\u0131 \u015fehirler ve \u015fehirler aras\u0131 payla\u015f\u0131mlar i\u00e7in \u00f6nemli.<\/p>\n\n\n\n<h3 class=\"wp-block-heading\">3. Etik,\nS\u00fcrd\u00fcr\u00fclebilir ve Yenilik\u00e7i Kamu Al\u0131mlar\u0131<\/h3>\n\n\n\n<p>\nYeni teknoloji al\u0131mlar\u0131n\u0131n\ndaha a\u00e7\u0131k, \u015feffaf, yenilik\u00e7i ve esnek olmas\u0131na; tedarik\u00e7i\nyelpazesini geni\u015f tutmas\u0131na; \u00f6zg\u00fcr\/a\u00e7\u0131k kaynakl\u0131 \u00e7\u00f6z\u00fcmleri\nve a\u00e7\u0131k standartlar\u0131 sa\u011flamas\u0131na \u00f6zen g\u00f6stermek gerekiyor.\nAl\u0131mlarda, veri egemenli\u011fi ve mahremiyet g\u00f6z \u00f6n\u00fcnde\nbulundurulmal\u0131. Kamu al\u0131mlar\u0131nda, \n<\/p>\n\n\n\n<ul class=\"wp-block-list\"><li>kamu\n\tkaynaklar\u0131n\u0131n kullan\u0131m\u0131n\u0131n ve yat\u0131r\u0131mlar\u0131n daha stratejik,\n\tverimli ve \u015feffaf olmas\u0131na\n\t<\/li><li>\u015firketlerin\n\tiddia etti\u011fi ihtiya\u00e7lar\u0131n de\u011fil, yurtta\u015flar\u0131n ger\u00e7ek\n\tihtiya\u00e7lar\u0131n\u0131n kar\u015f\u0131lanmas\u0131na\n\t<\/li><li>KOB\u0130&#8217;lerin\n\tve kooperatiflerin kamu al\u0131mlar\u0131na eri\u015fimlerinin\n\tkolayla\u015ft\u0131r\u0131lmas\u0131na\n\t<\/li><li>sosyal\n\tetki ve \u00e7evresel d\u00f6n\u00fc\u015f\u00fcm\u00fcn hizmetindeki yeniliklerin\n\tdesteklenmesine \n\t\n<\/li><\/ul>\n\n\n\n<p>\ndikkat etmek gerekiyor.<\/p>\n\n\n\n<h3 class=\"wp-block-heading\">4. Dijital\nPlatformlar\u0131n Kontrol\u00fc<\/h3>\n\n\n\n<p>\nUber, Lyft ve Airbnb gibi\nplatformlar h\u0131zla art\u0131yor; girdikleri sekt\u00f6rlerde rakiplerini\nortadan kald\u0131r\u0131yor ve kamu d\u00fczenlemelerine meydan okuyorlar.\nPlatform ekonomisinin gelece\u011fi Avrupa ekonomisi i\u00e7in \u00f6nemli bir\nkonu ve somut politikalar\u0131n geli\u015ftirilmesi \u015fart. Platformlar \u015fu\nan yeni bir i\u015f olana\u011f\u0131 olarak g\u00f6r\u00fcl\u00fcyor. Ancak bir s\u00fcre sonra\ng\u00fcvencesiz \u00e7al\u0131\u015fman\u0131n sorunlar\u0131 \u00e7ok daha yak\u0131c\u0131 olacak.<\/p>\n\n\n\n<p>\n\u015eehir y\u00f6netimleri,\nverilerine eri\u015fim hakk\u0131 ve \u00e7al\u0131\u015fmalar\u0131nda \u015feffafl\u0131k talep\nederek Airbnb ve Uber&#8217;in faaliyetlerini d\u00fczenlemenin yollar\u0131n\u0131\nar\u0131yorlar. \u00d6rne\u011fin Uber; Moskova, Boston, New York ve San\nFrancisco&#8217;da verilerini payla\u015fmak zorunda kald\u0131. Uber&#8217;in elindeki\nverilere eri\u015fim, ula\u015f\u0131m sisteminin \u015fehre etkisini de\u011ferlendirmek,\nUber ortadan kald\u0131rmadan \u00f6nce taksi piyasas\u0131n\u0131 d\u00fczenlemek ve\nmakul taksi \u00fccretleri belirleyebilmek i\u00e7in \u00f6nemli.<\/p>\n\n\n\n<p>\nAmsterdam ve Barselona da\nAirbnb&#8217;nin faaliyetlerini d\u00fczenlemeye \u00e7al\u0131\u015f\u0131yor. Amsterdam\ny\u00f6netimi, Airbnb ile yapt\u0131\u011f\u0131 g\u00f6r\u00fc\u015fmeler sonucunda evlerin\nkiralanmas\u0131n\u0131 y\u0131lda 60 geceyle ve evde en fazla d\u00f6rt misafirle\ns\u0131n\u0131rland\u0131rd\u0131. \u015eehir sakinleri g\u00fcr\u00fclt\u00fc yapan ve \u00e7evreyi\nrahats\u0131z eden kirac\u0131lar\u0131 \u015fikayet edebilecek. \u015eehir y\u00f6netimi,\nher \u00fc\u00e7 ya da d\u00f6rt ayda bir anla\u015fmaya uyulup uyulmad\u0131\u011f\u0131n\u0131\nkontrol edecek. 31000 ailenin evsiz oldu\u011fu Barselona&#8217;da ise y\u00f6netim,\nAirbnb&#8217;ye kar\u015f\u0131 daha kat\u0131 hareket ediyor. \u00c7\u00fcnk\u00fc ev sahiplerinin\nevlerini Airbnb \u00fczerinden kiralamas\u0131, hem \u015fehir sakinlerinin\nkiralayabilece\u011fi evlerin say\u0131s\u0131n\u0131 azalt\u0131yor hem de kira\n\u00fccretlerini art\u0131r\u0131yordu. \u015eehir konseyi yasad\u0131\u015f\u0131 kiralanan\nevlerin \u00fczerine gitti, bunu kontrol etmek i\u00e7in g\u00f6revlendirilen\nm\u00fcfetti\u015f say\u0131s\u0131n\u0131 art\u0131rd\u0131 ve lisanss\u0131z dairelerin reklam\u0131na\ndevam etti\u011fi i\u00e7in Airbnb&#8217;ye 600 bin avro ceza verdi. Daha sonra\nsorumlu bir turizmin nas\u0131l olaca\u011f\u0131n\u0131 ve yurtta\u015flar\u0131n\n\u015fehirlerinde hangi turizm modelini g\u00f6rmek istediklerini tart\u0131\u015fmaya\na\u00e7t\u0131.<\/p>\n\n\n\n<p>\nFakat var olan platform\nekonomilerini d\u00fczenlemek yetmeyecektir. Platform kooperatifleri gibi\nalternatiflerinin geli\u015ftirilmesi gerekiyor.<\/p>\n\n\n\n<h3 class=\"wp-block-heading\">5.\nAlternatif Dijital Yap\u0131lar\u0131n \u0130n\u015fas\u0131<\/h3>\n\n\n\n<p>\n\u0130nternet bir zamanlar\nda\u011f\u0131t\u0131k, \u00f6l\u00e7eklenebilir ve a\u00e7\u0131k bir mimariye sahipti. Ancak\nson zamanlarda merkezi, kapal\u0131 ve \u00f6zel m\u00fclkiyetli standartlara\ndayanan, hesap sorulamaz bir y\u00f6netime sahip olan bir yap\u0131ya do\u011fru\nevriliyor. \u015eirketler bu yeni yap\u0131da, a\u011f d\u0131\u015fsall\u0131klar\u0131ndan\nyararlanarak kazan\u00e7lar\u0131n\u0131 art\u0131rmaya \u00e7al\u0131\u015f\u0131yorlar.<\/p>\n\n\n\n<p>\n\u015eehri bir bilgisayara\nbenzetmeyi do\u011fru bulmuyorum. Ama \u015fehir bir bilgisayar olsayd\u0131\n\u015firketlerin ak\u0131ll\u0131 \u015fehirleri, Windows i\u015fletim sistemli (daha\nal\u0131ml\u0131lar da Mac olsun!) bir bilgisayar olurdu. \u00c7\u00fcnk\u00fc kullan\u0131c\u0131\ndeneyimini kontrol ediyorlar ve daha \u00f6nemlisi bilgisayar\u0131n\nkullan\u0131c\u0131lar taraf\u0131ndan yeniden \u00fcretimini s\u0131n\u0131rland\u0131r\u0131yorlar.\nAk\u0131ll\u0131 \u015fehirler GNU\/Linux gibi geli\u015ftirmeye a\u00e7\u0131k, sosyal\nde\u011fi\u015fimlere ve kurumsal yeniliklere uyum sa\u011flayabilecek esneklikte\nolmal\u0131. \u0130nsanlar\u0131n \u00fcretici potansiyelini harekete ge\u00e7irmeli.\nSat\u0131c\u0131lar\u0131n teknik \u00f6ncelikleri ve i\u015f modelleri yerine,\nyurtta\u015flar\u0131n ya\u015famsal \u00f6ncelikleri ve ihtiya\u00e7lar\u0131 \u00f6n planda\nolmal\u0131.<\/p>\n\n\n\n<p>\nBarselona&#8217;n\u0131n geli\u015ftirdi\u011fi\nCityOS adl\u0131 yatay veri platformu a\u00e7\u0131k standartlara uygun, \u015fehir\nverisinin y\u00f6netimini ve analizini sa\u011flayan bir \u015fehir platformu.\nCityOS, \u015fehrin a\u00e7\u0131k alg\u0131lay\u0131c\u0131 platformu Sentilo&#8217;yu ve \u015fehrin\n\u00e7e\u015fitli analitik g\u00f6sterge panellerini bir araya getiriyor. Mod\u00fcler\nyap\u0131s\u0131 a\u00e7\u0131k standartlara ve \u00f6zg\u00fcr\/a\u00e7\u0131k kaynakl\u0131 yaz\u0131l\u0131mlara\ndayan\u0131yor. \n<\/p>\n\n\n\n<p>\nSentilo da <strong>a\u00e7\u0131k\nstandartlar\u0131n ve \u00f6zg\u00fcr yaz\u0131l\u0131m\u0131n ak\u0131ll\u0131 bir \u015fehrin almas\u0131\ngereken ilk ak\u0131ll\u0131 karar oldu\u011funa inanan<\/strong>, farkl\u0131 \u015fehirlerin\ntopluluklar\u0131 ve \u015firketler taraf\u0131ndan geli\u015ftirilen, kullan\u0131lan ve\ndesteklenen bir platform. Sentilo&#8217;nun a\u00e7\u0131k mimarisi sayesinde\n\u0130spanya&#8217;daki di\u011fer \u015fehirlerin yan\u0131nda d\u00fcnyadaki ba\u015fka \u015fehirler\nde Sentilo&#8217;yu kendi ihtiya\u00e7lar\u0131na g\u00f6re uyarlayabiliyorlar.<\/p>\n\n\n\n<p>\n\u0130lk ba\u015fta Fab Lab Barselona\ntaraf\u0131ndan geli\u015ftirilen, ama Barselona&#8217;n\u0131n yan\u0131nda Manchester,\nAmsterdam gibi bir\u00e7ok \u015fehirde de kullan\u0131lan, Ardunio tabanl\u0131\nAk\u0131ll\u0131 Yurtta\u015f Seti, yurtta\u015flara alg\u0131lay\u0131c\u0131 a\u011f ara\u00e7lar\u0131\nsa\u011fl\u0131yor. Bu ara\u00e7larla ev, okul ve ofislerdeki hava kirlili\u011fi,\ng\u00fcr\u00fclt\u00fc kirlili\u011fi veya nem \u00f6l\u00e7\u00fclebiliyor.<\/p>\n\n\n\n<p>\nLondra ve Helsinki de ekonomi,\nula\u015f\u0131m, \u00e7evre ve bar\u0131nma gibi alanlarda toplad\u0131klar\u0131 veri\nk\u00fcmelerini payla\u015f\u0131yorlar. B\u00f6ylece yurtta\u015flar, giri\u015fimciler,\nara\u015ft\u0131rmac\u0131lar ve geli\u015ftiriciler \u015fehrin sorunlar\u0131n\u0131n \u00e7\u00f6z\u00fcm\u00fc\ni\u00e7in yeni teknolojiler geli\u015ftirebiliyorlar. \u015eehir y\u00f6netimleri,\nveri k\u00fcmelerini kamuya a\u00e7makla kalm\u0131yor geli\u015ftiricileri yeni\n\u00fcr\u00fcnler ve \u00e7\u00f6z\u00fcmler geli\u015ftirmeye de te\u015fvik ediyor.<\/p>\n\n\n\n<h3 class=\"wp-block-heading\">6.\nKooperatif Hizmet Sunumu Modelleri<\/h3>\n\n\n\n<p>\nUber ve Airbnb gibi platformlar\u0131n alternatifi yarat\u0131lamad\u0131\u011f\u0131\ns\u00fcrece bu \u015firketlerin faaliyetlerinin d\u00fczenlenmesi yeterli\nolmayacak. Platformlar\u0131n sahiplik yap\u0131s\u0131, bu platformlarda hizmet\nsa\u011flayan, g\u00fcvencesiz \u00e7al\u0131\u015fanlar i\u00e7in b\u00fcy\u00fck risk. \u00d6zel\nm\u00fclkiyetli platformlar, girdikleri pazar\u0131 tamamen ele ge\u00e7irip\nse\u00e7enekleri ortadan kald\u0131rd\u0131klar\u0131nda hizmet sa\u011flayanlara (ve\nalanlara!) kar\u015f\u0131 daha pervas\u0131z olabiliyorlar. Buna kar\u015f\u0131 son\ny\u0131llarda, \u00fcretenlerin sahip oldu\u011fu ve y\u00f6netti\u011fi y\u00f6neti\u015fim\nmodelleri hayata ge\u00e7irilmeye \u00e7al\u0131\u015f\u0131yor.<\/p>\n\n\n\n<p>\nPlatform kooperatifleri, yemek ve ta\u015f\u0131mac\u0131l\u0131k hizmetlerinden\nlojistik ve serbest \u00e7al\u0131\u015fmaya kadar \u00e7ok \u00e7e\u015fitli alanlarda\nfaaliyet g\u00f6steren \u00e7evrimi\u00e7i \u00f6rg\u00fctlenmeler. Platform\nkooperatifleri, arada herhangi bir arac\u0131 \u015firket olmadan hizmet\nsa\u011flayanlar\u0131 ve alanlar\u0131 bulu\u015fturuyor. Platformlar, dijital\nm\u00fc\u015ftereklerin desteklenmesi temelinde, \u00fcyeleri taraf\u0131ndan\ndemokratik bir bi\u00e7imde y\u00f6netiliyorlar.<\/p>\n\n\n\n<p>\nMorozov ve Bria (2018), kamu sahipli\u011fi ve m\u00fc\u015fterekler temelinde\n\u00f6rg\u00fctlenen alternatif platformlar\u0131n daha demokratik bir ekonomi\nyaratmaya yard\u0131mc\u0131 olabilece\u011fini belirtiyor. B\u00f6ylece ortak\nkaynaklar\u0131n \u00f6zel ellerde toplanmas\u0131yla sonu\u00e7lanan piyasa modeline\nkar\u015f\u0131 bir se\u00e7enek olu\u015fturulabilir. Dolay\u0131s\u0131yla bu giri\u015fimleri,\nkamu kaynaklar\u0131n\u0131n demokratik y\u00f6netimini hedefleyen uzun s\u00fcreli\n\u00e7al\u0131\u015fmalar olarak g\u00f6rmek gerekiyor.<\/p>\n\n\n\n<h3 class=\"wp-block-heading\">7.\nTabandan Gelen Yenilikler<\/h3>\n\n\n\n<p>\n\u015eirketlerin \u00f6nc\u00fcl\u00fc\u011f\u00fcnde ger\u00e7ekle\u015ftirilen ak\u0131ll\u0131 \u015fehirlere\ny\u00f6neltilen ele\u015ftirilerin ba\u015f\u0131nda soru(n)lar\u0131 tart\u0131\u015fmaktan \u00e7ok\n\u00e7\u00f6z\u00fcmlere odaklanmalar\u0131 geliyor. Buna kar\u015f\u0131 \u015fehir y\u00f6netimleri\nsa\u011fl\u0131k, e\u011fitim, ula\u015f\u0131m ve enerji gibi kritik alanlarda kamu\nyarar\u0131n\u0131 g\u00f6zeten ve uzun d\u00f6nemli yat\u0131r\u0131mlarla teknoloji ve\nyenilik kapasitesini ger\u00e7ek toplumsal sorunlarla bulu\u015fturabilir.\nB\u00f6ylece kamu sekt\u00f6r\u00fc, yenili\u011fin y\u00f6n\u00fcn\u00fc belirleyerek toplumun\nara\u015ft\u0131rma ve yenilik i\u00e7in yap\u0131lan yat\u0131r\u0131mlardan en iyi \u015fekilde\nyararlanmas\u0131n\u0131 sa\u011flayabilir.<\/p>\n\n\n\n<p>\nBunun i\u00e7in \u015fehirlerin yenilik\u00e7i topluluklar\u0131 ve giri\u015fimcileri\ndestekleyen alternatif kooperatif hizmet sunum modellerini g\u00f6z\n\u00f6n\u00fcnde bulundurmas\u0131 gerekiyor. Yenilik sistemi, e\u011fitim ve\nara\u015ft\u0131rmaya yat\u0131r\u0131m yapan g\u00fc\u00e7l\u00fc kamu politikalar\u0131 ile bir\nb\u00fct\u00fcn olarak y\u00f6netilmeli.  \u00c7\u00fcnk\u00fc teknolojik egemenlik, bir yada\nbirka\u00e7 \u015firketin \u00e7izdi\u011fi yolda y\u00fcr\u00fcyen belediye y\u00f6netimleriyle\nde\u011fil, \u00e7e\u015fitli KOB\u0130&#8217;leri ve giri\u015fimcileri kamu \u00e7\u0131karlar\u0131\n\u00e7er\u00e7evesinde, bir orkestra \u015fefi gibi y\u00f6neten y\u00f6netimlerle\nkazan\u0131labilir.<\/p>\n\n\n\n<h3 class=\"wp-block-heading\">8. Yerel\nD\u00fczeyde Refah D\u00fczenlemeleri ve Tamamlay\u0131c\u0131 Para Sistemleri<\/h3>\n\n\n\n<p>\nPlatform, veri, yapay zeka ve otomasyon temelli yeni i\u015f modelleri,\nyeni i\u015f alanlar\u0131 yarat\u0131rken baz\u0131lar\u0131n\u0131 da ortadan kald\u0131r\u0131yor.\nBu d\u00f6n\u00fc\u015f\u00fcmle ba\u015f etmek isteyen h\u00fck\u00fcmetler ve \u015firketler,\nistihdam ve sosyal g\u00fcvenlik sistemi hakk\u0131ndaki sorunlar\u0131\ng\u00fcndemlerine almak zorunda kald\u0131lar. \u00c7\u00fcnk\u00fc yeni teknolojilerin\nsa\u011flad\u0131\u011f\u0131 verimlilik, toplumun b\u00fcy\u00fck bir kesimini i\u00e7in artan\ngelir e\u015fitsizli\u011fi ve g\u00fcvencesizlik anlam\u0131na geliyor.<\/p>\n\n\n\n<p>\nB\u00fcy\u00fck teknoloji \u015firketleri, temel gelirin k\u00fcreselle\u015fme ve\nteknolojik de\u011fi\u015fim nedeniyle i\u015fini kaybetmesi beklenen insanlar\u0131\nkoruyaca\u011f\u0131n\u0131 ve h\u00fck\u00fcmetleri daha esnek ve verimli yapaca\u011f\u0131n\u0131\nsavunuyorlar. D\u00fcnyan\u0131n \u00e7e\u015fitli yerlerinde temel gelir deste\u011fi\n\u00fczerine sosyal deneyler yap\u0131l\u0131yor. \n<\/p>\n\n\n\n<p>\nBaz\u0131 belediye y\u00f6netimleri ise temel geliri daha geni\u015f, yerel refah\nhizmetlerinin sa\u011flanmas\u0131 ba\u011flam\u0131nda ele al\u0131yor. Bunun yan\u0131nda\nMorozov ve Bria (2018), farkl\u0131 ihtiya\u00e7lara, kapasite ve\netkile\u015fimlere g\u00f6re tasarlanm\u0131\u015f tamamlay\u0131c\u0131 yerel para\nbirimlerinin 21. y\u00fczy\u0131l \u015fehir ekonomisinde \u00f6nemli bir yere sahip\nolabilece\u011fini belirtiyor. \n<\/p>\n\n\n\n<h3 class=\"wp-block-heading\">9. Dijital\nDemokrasi ve Yeni Haklar<\/h3>\n\n\n\n<p>\nYeni dijital ara\u00e7lar, yurtta\u015f kat\u0131l\u0131m\u0131 i\u00e7in yeni olanaklar ve\nmodeller sa\u011fl\u0131yor. Do\u011frudan ve temsili demokrasinin kar\u0131\u015f\u0131m\u0131,\n\u00e7evrimi\u00e7i ve \u00e7evrimd\u0131\u015f\u0131 etkile\u015fimler i\u00e7eren, yeni modeller\nortaya \u00e7\u0131k\u0131yor. \u0130spanya (Podemos) ve \u0130talya&#8217;daki (M5S) a\u011f\ntabanl\u0131 partiler bu geli\u015fmelerin etkisiyle ortaya \u00e7\u0131kt\u0131. Madrid\nve Barselona&#8217;da geni\u015f kat\u0131l\u0131ml\u0131 b\u00fct\u00e7e g\u00f6r\u00fc\u015fmeleri\nyap\u0131labiliyor. A\u015fa\u011f\u0131dan yukar\u0131 dijital a\u011flar gen\u00e7lik\nhareketlerini \u00e7ekiyor; gen\u00e7ler hesap sorulabilen uygulamalar ve\nyolsuzluklara son verilmesini talep ediyorlar.<\/p>\n\n\n\n<p>\nBug\u00fcn \u015firketler yurtta\u015flar\u0131n ilgisizli\u011finden yak\u0131nsalar da\nyaz\u0131n\u0131n ba\u015f\u0131nda belirtti\u011fim gibi temel sorun yurtta\u015flardan \u00e7ok\n\u015firketlerin kat\u0131l\u0131m merdiveninin \u00fcst basamaklar\u0131n\u0131 in\u015fa\netmekten ka\u00e7\u0131nmalar\u0131 ya da yap\u0131lar\u0131n\u0131n buna izin\nvermemelerinden kaynaklan\u0131yor. Ancak \u00fcst basamaklar\u0131 hedefleyen ve\nbunun olanakl\u0131 oldu\u011funu g\u00f6steren \u015fehirler de var.<\/p>\n\n\n\n<p>\nDecide Madrid, 2015 belediye se\u00e7imlerinden sonra Madrid&#8217;de kurulan,\nbir do\u011frudan demokrasi platformu. Yurtta\u015flar platformda \u00f6neriler\nsunuyor, tart\u0131\u015f\u0131yor ve \u00f6nceliklendirmeler yaparak \u015fehir\npolitikas\u0131n\u0131n olu\u015fumuna katk\u0131da bulunuyor. Sitede kullan\u0131lan\nConsul adl\u0131 yaz\u0131l\u0131m, 2015 y\u0131l\u0131nda, \u00f6zg\u00fcr yaz\u0131l\u0131m olarak\nkamunun kullan\u0131m\u0131na a\u00e7\u0131lm\u0131\u015f. BM Kamu Hizmeti \u00f6d\u00fcl\u00fc alan\nyaz\u0131l\u0131m, 35 \u00fclke, 135 kurulu\u015f ve 90 milyon insan taraf\u0131ndan\nkullan\u0131l\u0131yor.<\/p>\n\n\n\n<p>\nBarselona ise Decidim.Barcelona adl\u0131 platformu kullan\u0131yor.\nKat\u0131l\u0131mc\u0131l\u0131\u011f\u0131 art\u0131rmak i\u00e7in deneyler yap\u0131l\u0131yor. \u015eehirdeki\nfarkl\u0131 \u00f6rg\u00fctlenmeler platformda kendi karar s\u00fcre\u00e7lerini\nba\u015flatabiliyor. \u015eehir planlama s\u00fcreci kat\u0131l\u0131mc\u0131 bir bi\u00e7imde\ny\u00fcr\u00fct\u00fclmeye \u00e7al\u0131\u015f\u0131l\u0131yor. Paris,Porto Alegre, Reykjavik&#8217;te de\nyurtta\u015flar\u0131n b\u00fct\u00e7e \u00e7al\u0131\u015fmalar\u0131na kat\u0131l\u0131m\u0131n\u0131 te\u015fvik eden\n\u00e7al\u0131\u015fmalar var.<\/p>\n\n\n\n<p>\nBarselona&#8217;daki Bustia Etica projesi ise \u015feffafl\u0131\u011f\u0131 sa\u011flamak ve\nyolsuzluklar\u0131n \u00f6n\u00fcne ge\u00e7ebilmek amac\u0131yla geli\u015ftirilmi\u015f.\nYurtta\u015flar, g\u00f6rd\u00fckleri yolsuzluklar\u0131 bu sistem \u00fczerinden g\u00fcvenli\nbi\u00e7imde bildirebiliyorlar.<\/p>\n\n\n\n<p class=\"has-text-align-center\">\n***<\/p>\n\n\n\n<p>\n\u00d6zetle, teknolojik egemenlik i\u00e7in \u015fehirlerin<\/p>\n\n\n\n<ul class=\"wp-block-list\"><li>kendi\n\tverilerine sahip olabilmesi,\n\t<\/li><li>kritik\n\taltyap\u0131y\u0131 (yaz\u0131l\u0131m, donan\u0131m ve veri merkezleri) kontrol\n\tedebilmesi,\n\t<\/li><li>kendi\n\tyapay zeka kapasitesini geli\u015ftirebilmesi\n\t<\/li><li>kendi\n\tyurtta\u015flar\u0131n\u0131n yarat\u0131c\u0131 ve \u00fcretici potansiyelini a\u00e7\u0131\u011fa\n\t\u00e7\u0131karabilecek kat\u0131l\u0131m politikalar\u0131 olu\u015fturabilmesi\n<\/li><\/ul>\n\n\n\n<p>\ngerekiyor. \n<\/p>\n\n\n\n<p>\n<strong>Kaynaklar<\/strong><\/p>\n\n\n\n<p>\nFeenberg, A. (2012). Introduction. In (Re) Inventing The Internet (s.\n3-17). SensePublishers.<\/p>\n\n\n\n<p>\nHalegoua, G. (2020). Smart Cities. MIT Press.<\/p>\n\n\n\n<p>\nMorozov, E., Bria, F. (2018). Rethinking the smart city.\nDemocratizing Urban Technology. New York, NY: Rosa Luxemburg\nFoundation.<\/p>\n","protected":false},"excerpt":{"rendered":"<p>Yeni sosyal medya d\u00fczenlemesiyle art\u0131k bir d\u00f6nemin sona erdi\u011fini s\u00f6yleyebiliriz. Uzun s\u00fcredir uzatmalar\u0131 oynuyorduk. D\u00fczenleme, malumun ilam\u0131 oldu. 2010 y\u0131l\u0131na kadar \u00fc\u00e7 internet modeli yar\u0131\u015f\u0131yordu<\/p>\n","protected":false},"author":1,"featured_media":0,"comment_status":"open","ping_status":"open","sticky":false,"template":"","format":"standard","meta":{"footnotes":""},"categories":[107,365,82,70,23,13,25,124,19,14,3,30,116,392,1,298],"tags":[390,391,162,389],"class_list":["post-726","post","type-post","status-publish","format-standard","hentry","category-acik-standartlar","category-akilli-sehirler","category-cevre","category-emek","category-erisim-hakki","category-fikri-mulkiyet","category-gozetim","category-haktivizm","category-ifade-ozgurlugu","category-mahremiyet","category-ozgur_yazilim","category-sosyal-aglar","category-teknoloji-tarihi","category-teknolojik_egemenlik","category-uncategorized","category-yapay-zeka","tag-barselona","tag-dijital-platformlar","tag-neoliberalizm","tag-yeniden-belediyelestirme"],"_links":{"self":[{"href":"https:\/\/yarimada.gen.tr\/index.php?rest_route=\/wp\/v2\/posts\/726","targetHints":{"allow":["GET"]}}],"collection":[{"href":"https:\/\/yarimada.gen.tr\/index.php?rest_route=\/wp\/v2\/posts"}],"about":[{"href":"https:\/\/yarimada.gen.tr\/index.php?rest_route=\/wp\/v2\/types\/post"}],"author":[{"embeddable":true,"href":"https:\/\/yarimada.gen.tr\/index.php?rest_route=\/wp\/v2\/users\/1"}],"replies":[{"embeddable":true,"href":"https:\/\/yarimada.gen.tr\/index.php?rest_route=%2Fwp%2Fv2%2Fcomments&post=726"}],"version-history":[{"count":1,"href":"https:\/\/yarimada.gen.tr\/index.php?rest_route=\/wp\/v2\/posts\/726\/revisions"}],"predecessor-version":[{"id":727,"href":"https:\/\/yarimada.gen.tr\/index.php?rest_route=\/wp\/v2\/posts\/726\/revisions\/727"}],"wp:attachment":[{"href":"https:\/\/yarimada.gen.tr\/index.php?rest_route=%2Fwp%2Fv2%2Fmedia&parent=726"}],"wp:term":[{"taxonomy":"category","embeddable":true,"href":"https:\/\/yarimada.gen.tr\/index.php?rest_route=%2Fwp%2Fv2%2Fcategories&post=726"},{"taxonomy":"post_tag","embeddable":true,"href":"https:\/\/yarimada.gen.tr\/index.php?rest_route=%2Fwp%2Fv2%2Ftags&post=726"}],"curies":[{"name":"wp","href":"https:\/\/api.w.org\/{rel}","templated":true}]}}