{"id":732,"date":"2020-11-01T21:16:00","date_gmt":"2020-11-01T18:16:00","guid":{"rendered":"http:\/\/yarimada.gen.tr\/?p=732"},"modified":"2021-03-09T22:21:14","modified_gmt":"2021-03-09T19:21:14","slug":"uzun-bir-yol-5g","status":"publish","type":"post","link":"https:\/\/yarimada.gen.tr\/?p=732","title":{"rendered":"Uzun Bir Yol: 5G"},"content":{"rendered":"\n<p> Yeni teknolojilere \u00e7e\u015fitli mitlerin e\u015flik etmesi; s\u00f6z konusu teknolojilerin umutlar\u0131 ve korkular\u0131 beslemesi ola\u011fan bir durum. En son internetin geli\u015fiminde g\u00f6rd\u00fc\u011f\u00fcm\u00fcz gibi bir s\u00fcre sonra sular duruluyor ve teknoloji g\u00fcndelik ya\u015fam\u0131n i\u00e7inde s\u0131radanla\u015f\u0131yor. \u015eimdi sahnede 5G teknolojisi var. Buhar makinesi, demir yolu, de\u011fi\u015ftirilebilir par\u00e7alar, elektrik, elektronik, internet, yapay zek\u00e2 vb teknolojiler gibi genel ama\u00e7l\u0131 bir teknoloji olarak g\u00f6r\u00fclen 5G&#8217;nin ulusal ve k\u00fcresel d\u00fczeyde b\u00fct\u00fcn ekonomiyi etkilemesi, var olan sosyoekonomik yap\u0131lar\u0131 de\u011fi\u015ftirmesi bekleniyor. Kablosuz ileti\u015fimde yeni bir d\u00f6nem ba\u015flatacak olan 5G ile uzun s\u00fcredir konu\u015ftu\u011fumuz nesnelerin interneti, g\u00fcndelik ya\u015fam\u0131n bir par\u00e7as\u0131 haline gelebilecek. Ancak son zamanlarda, 5G a\u011flar\u0131 konu\u015fland\u0131rma \u00e7al\u0131\u015fmalar\u0131yla beraber, elektromanyetik alanlar\u0131n insan sa\u011fl\u0131\u011f\u0131 \u00fczerine etkileri hakk\u0131ndaki endi\u015feler yeniden g\u00fcndeme geldi.<\/p>\n\n\n\n<!--more-->\n\n\n\n<p>\n1970&#8217;lerde elektrik hatlar\u0131n\u0131n insan sa\u011fl\u0131\u011f\u0131na etkileri\ntart\u0131\u015f\u0131l\u0131yordu. 1979 y\u0131l\u0131nda yay\u0131mlanan bir \u00e7al\u0131\u015fma,\nkansere yakalanan \u00e7ocuklar ve elektrik hatlar\u0131n\u0131n yak\u0131n\u0131nda\nya\u015fama aras\u0131ndaki ili\u015fkiye dikkati \u00e7ekiyordu\n(<a href=\"https:\/\/www.jrseco.com\/wp-content\/uploads\/Wertheimer_Leeper_ELECTRICAL_WIRING_CONFIGURATIONS_AND_CHILDHOOD_CANCER.pdf\">https:\/\/www.jrseco.com\/wp-content\/uploads\/Wertheimer_Leeper_ELECTRICAL_WIRING_CONFIGURATIONS_AND_CHILDHOOD_CANCER.pdf<\/a>).\nTiffany&#8217;nin (2020) yazd\u0131\u011f\u0131 gibi o zamanlar zaten so\u011fuk sava\u015f\nnedeniyle radyasyon hakk\u0131ndaki korkular had safhadayd\u0131. Televizyon\nve mikrodalga f\u0131r\u0131nlar mercek alt\u0131ndayd\u0131. Daha sonra bunlar\u0131,\nsa\u00e7 kurutma makineleri ve elektrikli battaniyeler de dahil olmak\n\u00fczere \u00e7e\u015fitli ev aletleriyle ilgili endi\u015feler takip etti.\nArd\u0131ndan cep telefonlar\u0131 ve kablosuz ba\u011flant\u0131lar geldi. Cihazlar\nde\u011fi\u015fti, ama korkular devam etti: Her g\u00fcn kulland\u0131\u011f\u0131m\u0131z\n\u015feylerden yay\u0131lan radyasyon bizi yok ediyordu. Yoksa modern\nd\u00fcnyam\u0131z bizi yok eden bir hata m\u0131yd\u0131?<\/p>\n\n\n\n<p>\nCep telefonlar\u0131n\u0131n beyin t\u00fcm\u00f6r\u00fcne neden oldu\u011fu, kablosuz\ncihazlar\u0131n DNA&#8217;m\u0131za zarar verdi\u011fi ve baz istasyonlar\u0131ndan yay\u0131lan\nradyasyonun bizi say\u0131s\u0131z bi\u00e7imde hasta etti\u011fi iddia ediliyor.\nE\u011fer iddialar do\u011fruysa (s\u00f6z konusu teknolojilerin yayg\u0131nl\u0131\u011f\u0131n\u0131\nd\u00fc\u015f\u00fcn\u00fcrsek) b\u00fcy\u00fck bir felaketle kar\u015f\u0131 kar\u015f\u0131yay\u0131z. Tiffany\n(2020) bu iddialar\u0131n ger\u00e7ek olamayacak kadar b\u00fcy\u00fck oldu\u011funu\nd\u00fc\u015f\u00fcn\u00fcyor. Bilimsel \u00e7al\u0131\u015fmalar kafa kar\u0131\u015ft\u0131r\u0131c\u0131; DS\u00d6\n(D\u00fcnya Sa\u011fl\u0131k \u00d6rg\u00fct\u00fc), onlarca y\u0131ll\u0131k ara\u015ft\u0131rmalara dikkat\n\u00e7ekerek, d\u00fc\u015f\u00fck seviyeli elektromanyetik alanlardan \u00f6nemli bir\nsa\u011fl\u0131k riski bulamad\u0131\u011f\u0131n\u0131 belirtiyor. Buna kar\u015f\u0131n aktivistler\nde d\u00fc\u015f\u00fck d\u00fczeyli radyasyon ve sa\u011fl\u0131\u011fa olumsuz etkileri\nhakk\u0131ndaki \u00e7ok say\u0131daki \u00e7al\u0131\u015fmay\u0131 delil olarak g\u00f6steriyorlar.\nTiffany (2020) yap\u0131lan \u00e7al\u0131\u015fmalar\u0131n hacmi ve baz\u0131 \u00e7al\u0131\u015fmalar\u0131n\nger\u00e7ekten de aktivistlerin iddialar\u0131n\u0131 destekler nitelikte\noldu\u011funu kabul etmekle beraber k\u00fcresel end\u00fcstrinin ve h\u00fck\u00fcmetlerin\n\u015fok bulgular\u0131 kamuoyundan saklamak i\u00e7in ortak bir tutum i\u00e7inde\noldu\u011funa dair herhangi bir delil bulunmad\u0131\u011f\u0131n\u0131 da ekliyor. \n<\/p>\n\n\n\n<p>\nTiffany (2020) elektromanyetik dalgalar ve insan sa\u011fl\u0131\u011f\u0131\nhakk\u0131ndaki tehlikeli ba\u011flant\u0131lara i\u015faret eden \u00e7al\u0131\u015fmalar\u0131n\n\u00e7o\u011fu zaman farkl\u0131 elektromanyetik dalgalar ve bu dalgalar\u0131n insan\nbedeniyle etkile\u015fme yollar\u0131n\u0131 ihmal ettiklerini belirtiyor.\nElektromanyetik radyasyonun beyin kanserine neden olmad\u0131\u011f\u0131n\u0131n en\nb\u00fcy\u00fck delilinin ise son 20 y\u0131ld\u0131r cep telefonlar\u0131m\u0131z\u0131\nyan\u0131m\u0131zdan eksik etmememize ra\u011fmen d\u00fcnyan\u0131n bir beyin kanseri\nsalg\u0131n\u0131 ile kar\u015f\u0131 kar\u015f\u0131ya gelmemesi oldu\u011funu savunuyor. Aksine\nABD&#8217;de, 2017&#8217;deki beyin kanseri oran\u0131n\u0131n 1992&#8217;den daha d\u00fc\u015f\u00fck\noldu\u011funu yaz\u0131yor. \n<\/p>\n\n\n\n<p>\nDS\u00d6&#8217;n\u00fcn ara\u015ft\u0131rma sonu\u00e7lar\u0131n\u0131 yorumlamak da zor. \u00d6rne\u011fin\n2010&#8217;daki bir \u00e7al\u0131\u015fmada insanlar, cep telefonlar\u0131n\u0131 kafalar\u0131na\ndayama s\u0131kl\u0131klar\u0131na g\u00f6re grupland\u0131r\u0131lm\u0131\u015flar. Telefonu\nkafalar\u0131na en s\u0131k dayayanlarda beyin t\u00fcm\u00f6r\u00fc geli\u015fme riskinin\nbelirgin derecede fazla oldu\u011fu g\u00f6r\u00fclm\u00fc\u015f. Ancak ikinci s\u0131kl\u0131k\nderecesindeki grupta ise riskin en d\u00fc\u015f\u00fck olmas\u0131 kafalar\u0131\nkar\u0131\u015ft\u0131rm\u0131\u015f. ABD Ulusal Toksikoloji Program\u0131n\u0131n farelerle\ny\u00fcr\u00fctt\u00fc\u011f\u00fc bir deneyde fareler, cep telefonu kullan\u0131c\u0131lar\u0131n\u0131n\nmaruz kalabilece\u011finden daha fazla bir etkiye maruz kalm\u0131\u015flar.\nDeney sonucunda erkek farelerde, cep telefonuna maruz kalma ve k\u00f6t\u00fc\nhuylu kalp t\u00fcm\u00f6rleri aras\u0131nda belirgin bir ili\u015fki tespit edilmi\u015f.\nBeyin ve b\u00f6brek \u00fcst\u00fc bezi t\u00fcm\u00f6rleri hakk\u0131nda da baz\u0131 bulgular\nelde edilmi\u015f. Ama sadece erkek farelerde, di\u015fi farelerde herhangi\nbir ili\u015fki g\u00f6zlenmemi\u015f.<\/p>\n\n\n\n<p>\nEMO \u0130zmir \u015eubesi&#8217;nin raporunda\n(<a href=\"https:\/\/www.emo.org.tr\/ekler\/99bb08f940d7461_ek.pdf\">https:\/\/www.emo.org.tr\/ekler\/99bb08f940d7461_ek.pdf<\/a>),\nsigara ve asbestin zararlar\u0131n\u0131n da on y\u0131llarca tart\u0131\u015f\u0131ld\u0131\u011f\u0131\nve olumsuzluklar\u0131n\u0131n ancak y\u0131llar sonra d\u00fcnyaca kabul edildi\u011finin\nalt\u0131 \u00e7iziliyor. Bu nedenle raporda her yeni teknolojide oldu\u011fu\ngibi cep telefonu kullan\u0131m\u0131nda da dikkatli davran\u0131lmas\u0131 ve olas\u0131\nzararlar\u0131n g\u00f6zlenmesi \u00f6neriliyor (Ne gibi \u00f6nlemler al\u0131nabilece\u011fi\nhakk\u0131nda daha fazla bilgi i\u00e7in bkz.\n<a href=\"https:\/\/sendika.org\/2009\/11\/cep-telefonu-kullananlar-icin-hayati-dersler-onder-ozdemir-38152\/\">https:\/\/sendika.org\/2009\/11\/cep-telefonu-kullananlar-icin-hayati-dersler-onder-ozdemir-38152\/<\/a>).<\/p>\n\n\n\n<p>\n5G hakk\u0131ndaki bu kayg\u0131lar ola\u011fan. Ancak 5G hakk\u0131ndaki iddialar o\nkadar \u00e7\u0131\u011f\u0131r\u0131ndan \u00e7\u0131kt\u0131 ki elektromanyetik dalgalar hakk\u0131nda\nhalk\u0131 bilgilendiren EMO \u0130zmir \u015eubesi, bu sefer de 5G hakk\u0131ndaki\nkomplo teorilerine kar\u015f\u0131 bir bas\u0131n a\u00e7\u0131klamas\u0131 yapmak zorunda\nkald\u0131\n(<a href=\"http:\/\/www.emo.org.tr\/genel\/bizden_detay.php?kod=131223&amp;sube=7\">http:\/\/www.emo.org.tr\/genel\/bizden_detay.php?kod=131223&amp;sube=7<\/a>).\n5G ve Covid-19 aras\u0131nda bir ba\u011flant\u0131 oldu\u011fu hakk\u0131nda iddialar\nvar\n(<a href=\"https:\/\/www.cnnturk.com\/teknoloji\/koronavirus-ile-5g-arasinda-nasil-bir-baglanti-var\">https:\/\/www.cnnturk.com\/teknoloji\/koronavirus-ile-5g-arasinda-nasil-bir-baglanti-var<\/a>).\nHatta bu nedenle, Avrupa&#8217;da baz istasyonlar\u0131na ve telekom\naltyap\u0131s\u0131na sald\u0131r\u0131lar ger\u00e7ekle\u015ftirildi\n(<a href=\"https:\/\/tr.euronews.com\/2020\/04\/21\/5g-teknolojisinin-koronavirusu-yayd-g-iddialar-baz-istasyonlar-na-sald-r-lar-artt-rd\">https:\/\/tr.euronews.com\/2020\/04\/21\/5g-teknolojisinin-koronavirusu-yayd-g-iddialar-baz-istasyonlar-na-sald-r-lar-artt-rd<\/a>).<\/p>\n\n\n\n<p>\nCovid-19, yaln\u0131z 5G hakk\u0131nda ortaya at\u0131lan de\u011fil di\u011fer komplo\nteorilerinin geli\u015fimi i\u00e7in de elveri\u015fli bir ortam yaratt\u0131. \u015eu an\n5G ve Covid-19 ili\u015fkisi \u00fczerine \u00fcretilen ve internette yay\u0131lan \u00fc\u00e7\ntemel komplo teorisi var. Birincisine g\u00f6re Covid-19, insanlar\nevlerine hapsolmu\u015fken 5G baz istasyonlar\u0131 kurmak isteyen h\u00fck\u00fcmetin\nbir komplosu. Baz istasyonlar\u0131 kuruldu\u011funda, kablosuz a\u011flar\nyurtta\u015flar\u0131 kontrol etmek ve hatta \u00f6ld\u00fcrmek i\u00e7in kullan\u0131lacak.\n\u0130kincisi, vir\u00fcs\u00fcn Bill Gates taraf\u0131ndan icat edilip 5G baz\nistasyonlar\u0131yla yay\u0131ld\u0131\u011f\u0131n\u0131 iddia ediyor. B\u00f6ylece Gates,\nmikro\u00e7ip i\u00e7eren a\u015f\u0131larak satarak d\u00fcnyadaki insanlar\u0131 kontrol\nedecek. \u00dc\u00e7\u00fcnc\u00fc komplo teorisi ise vir\u00fcs\u00fcn asl\u0131nda hi\u00e7\nolmad\u0131\u011f\u0131n\u0131, semptomlar\u0131n 5G taraf\u0131ndan yarat\u0131ld\u0131\u011f\u0131n\u0131 ve\nh\u00fck\u00fcmetlerin sa\u011fl\u0131k tehdidi bahanesiyle s\u0131k\u0131 kontrol \u00f6nlemleri\nalmas\u0131n\u0131 sa\u011flad\u0131\u011f\u0131n\u0131 savunuyor (Sturm ve Albrecht, 2020) .<\/p>\n\n\n\n<p>\nKomplo teorileri, her zamanki gibi, ger\u00e7ek sorunlar\u0131n yerine hayali\nsorunlar\u0131 koyuyor. Oysa 5G, telekom ekipman sa\u011flay\u0131c\u0131lar\u0131n\u0131n\ngelecek hakk\u0131ndaki vizyonlar\u0131n\u0131n uygulanabilirli\u011fi, \u00fclkeler\naras\u0131ndaki \u00e7at\u0131\u015fmalar ve e\u015fitsizlikler gibi daha ciddi sorunlar\ni\u00e7eriyor. Ayr\u0131ca \u00f6n\u00fcm\u00fczde b\u00fcy\u00fck bir belirsizlik var. 5G&#8217;ye\nge\u00e7meden \u00f6nce buraya nas\u0131l geldi\u011fimize bakal\u0131m.<\/p>\n\n\n\n<h2 class=\"wp-block-heading\">1G, 2G, 3G\nve 4G<\/h2>\n\n\n\n<p>\n19. y\u00fczy\u0131l sonunda Guglielmo Marconi, Morse kodlar\u0131n\u0131 radyo\nsinyalleriyle 2,5 km uza\u011fa ta\u015f\u0131yabilen ilk kablosuz telgraf\nsistemini in\u015fa etti. Ger\u00e7ek anlamda \u00e7ift y\u00f6nl\u00fc ileti\u015fime olanak\nveren ilk mobil teknoloji ise 1923&#8217;te, Avustralya&#8217;da polis\narabalar\u0131nda kullan\u0131ld\u0131. Ancak cihazlar o kadar b\u00fcy\u00fckt\u00fc ki\ndevriye arabas\u0131n\u0131n t\u00fcm arka koltu\u011funu kapl\u0131yordu. Birden fazla\nmucit taraf\u0131ndan ayn\u0131 zamanda icat edilen telsizler ise ilk kez II.\nD\u00fcnya Sava\u015f\u0131&#8217;nda kullan\u0131ld\u0131.<\/p>\n\n\n\n<p>\n\u0130lk cep telefonu g\u00f6r\u00fc\u015fmesi ise 1973 y\u0131l\u0131nda Motorola\nm\u00fchendislerinden Martin Cooper taraf\u0131ndan ger\u00e7ekle\u015ftirildi.\nCooper, AT&amp;T Bell Laboratuvarlar\u0131&#8217;nda \u00e7al\u0131\u015fan rakibi Joel\nEngel&#8217;i arayarak Motorola&#8217;daki tak\u0131m\u0131n\u0131n fonksiyonel ta\u015f\u0131nabilir\ntelefon geli\u015ftirdi\u011fini s\u00f6yledi. Fakat cep telefonun kendisi tek\nba\u015f\u0131na yeterli de\u011fildi. Kablosuz ileti\u015fimin sa\u011flanabilmesi i\u00e7in\nonu destekleyen h\u00fccresel a\u011flara gerek vard\u0131.<\/p>\n\n\n\n<p>\n\u0130kinci nesil a\u011flar\u0131n \u00e7\u0131kmas\u0131ndan sonra 1G (First Generation &#8211;\nBirinci Nesil) olarak adland\u0131r\u0131lacak ilk h\u00fccresel a\u011f hizmeti\n1979&#8217;da Japonya&#8217;da ba\u015flad\u0131. 1983&#8217;te de Advanced Mobile Phone\nService, Kuzey Amerika&#8217;da 1G hizmeti sa\u011flamaya ba\u015flad\u0131. Analog\nteknolojiye dayanan 1G a\u011flarda kullan\u0131lan telefonlar\u0131n \u00e7ok b\u00fcy\u00fck\nve pahal\u0131 olmas\u0131, yayg\u0131nla\u015fmalar\u0131n\u0131n \u00f6n\u00fcnde b\u00fcy\u00fck bir\nengeldi. Bu nedenle daha \u00e7ok, sabit hatta ba\u011fl\u0131 kalmadan telefon\ng\u00f6r\u00fc\u015fmesi yapmak isteyen zenginler taraf\u0131ndan kullan\u0131ld\u0131. Ancak\nzamanla 1G&#8217;deki baz\u0131 sorunlar daha rahats\u0131z edici olmaya ba\u015flad\u0131\n(Webb, 2018):<\/p>\n\n\n\n<ul class=\"wp-block-list\"><li>Ciddi g\u00fcvenlik\n\ta\u00e7\u0131klar\u0131 vard\u0131. Konu\u015fmalar\u0131n kolayca dinlenebiliyor olmas\u0131\n\tbirinde Prenses Diana&#8217;n\u0131n da dahil oldu\u011fu \u00e7e\u015fitli skandallara\n\tneden oldu. Ayr\u0131ca telefonlar\u0131n klonlanmas\u0131ndaki kolayl\u0131k,\n\ttelefon sahiplerini kimlik h\u0131rs\u0131zl\u0131\u011f\u0131 ve y\u00fcksek faturalarla\n\tkar\u015f\u0131 kar\u015f\u0131ya b\u0131rakt\u0131. \n\t\n\t<\/li><li>Bir\u00e7ok \u00fclkenin\n\tfarkl\u0131 teknolojiler kullanmas\u0131ndan kaynakl\u0131 par\u00e7al\u0131 bir yap\u0131\n\tvard\u0131 ve bu yap\u0131, \u00f6l\u00e7ek ekonomisi ve dola\u015f\u0131m\u0131 engelledi.\n\t<\/li><li>Analog\n\tyay\u0131nlar\u0131n kalitesi ve kapasitesi nispeten d\u00fc\u015f\u00fckt\u00fc\n<\/li><\/ul>\n\n\n\n<p>\n1991&#8217;de 2G&#8217;nin ortaya \u00e7\u0131k\u0131\u015f\u0131yla beraber bu sorunlar\u0131n \u00e7\u00f6z\u00fcm\u00fc\ny\u00f6n\u00fcnde \u00f6nemli ad\u0131mlar at\u0131ld\u0131. 2G dijital teknolojiye\ndayan\u0131yordu. Dijital sinyaller genellikle daha az statik ve arka\nplan g\u00fcr\u00fclt\u00fcs\u00fcne sahipti ve mevcut spektrumu analog sinyallerden\ndaha verimli kullanabiliyordu. 2G dijital aramalar \u015fifrelenebiliyor\nve izinsiz dinlemeler zorla\u015f\u0131yordu. Teknolojinin par\u00e7al\u0131 yap\u0131s\u0131\n2G ile beraber azald\u0131. Avrupa, GSM (Global System for Mobile\nCommunication &#8211; Mobil \u0130leti\u015fim \u0130\u00e7in K\u00fcresel Sistem) standard\u0131\nile Avrupa i\u00e7inde ve GSM standard\u0131n\u0131 kabul eden di\u011fer \u00fclkelerde\ndola\u015f\u0131m\u0131 olanakl\u0131 hale getirdi. Ancak ABD ve Japonya kendi\nteknolojilerini kullanmaya devam ettiler (age).<\/p>\n\n\n\n<p>\nSMS (k\u0131sa mesaj servisi) de 2G ile ortaya \u00e7\u0131kan ve \u00f6nemi ilk\nba\u015fta pek fark edilmeyen bir teknolojiydi. SMS, a\u011f\u0131n veri\nkullan\u0131m\u0131ndaki potansiyelini g\u00f6stermesi a\u00e7\u0131s\u0131ndan \u00f6nemliydi ve\na\u011f\u0131n sonraki geli\u015fiminde etkili olacakt\u0131. 1990&#8217;lar ayn\u0131 zamanda\ninternetin masa\u00fcst\u00fc bilgisayarlarda yayg\u0131nla\u015ft\u0131\u011f\u0131 bir d\u00f6nemdi\nve insanlar\u0131n internete mobil telefonlar\u0131ndan da eri\u015fmek\nisteyebilecekleri \u00f6ng\u00f6r\u00fcl\u00fcyordu. Bir di\u011fer tahmin ise sesli\naraman\u0131n g\u00f6r\u00fcnt\u00fcl\u00fc aramaya do\u011fru evrilece\u011fiydi. Ancak 2G&#8217;nin\ny\u00fcksek veri oranlar\u0131n\u0131n iletimi i\u00e7in yeterli olamayaca\u011f\u0131 da\napa\u00e7\u0131k ortadayd\u0131.<\/p>\n\n\n\n<p>\n\u0130lk kez 1998&#8217;de ortaya \u00e7\u0131kan 3G a\u011flar\u0131n temel hedefleri\n\u015funlard\u0131:<\/p>\n\n\n\n<ul class=\"wp-block-list\"><li>Web i\u00e7in\n\ty\u00fcksek veri oranlar\u0131 sa\u011flamak\n\t<\/li><li>G\u00f6r\u00fcnt\u00fcl\u00fc\n\tkonu\u015fma ve metinlere resim eklemeyi desteklemek\n\t<\/li><li>Daha fazla\n\tspektrum verimlili\u011fi sunarak ve ba\u015ftan sona \u00e7ok daha y\u00fcksek\n\tverilere izin vererek, ilk iki hedef i\u00e7in gerekli ko\u015fullar\u0131\n\tsa\u011flamak.\n<\/li><\/ul>\n\n\n\n<p>\n\u0130lk 3G a\u011flar, Amerikan telekom\u00fcnikasyon ekipman \u015firketi\nQualcomm&#8217;un CDMA (Code Division Multiple Access &#8211; Kod B\u00f6lmeli \u00c7oklu\nEri\u015fim) teknolojisine dayan\u0131yordu. CDMA ilk ba\u015fta 2G&#8217;de bir\niyile\u015ftirme olarak ortaya \u00e7\u0131km\u0131\u015f ve uzun tart\u0131\u015fmalardan sonra\n3G&#8217;nin temel teknolojisi olarak benimsenmi\u015fti. Ancak ilk 3G a\u011flar\ny\u00fcksek veri h\u0131zlar\u0131 sa\u011flamada yetersiz kald\u0131; bu a\u011flar\u0131n\nplanlanmas\u0131 ve y\u00f6netilmesi de zordu. Ayr\u0131ca Web&#8217;de gezintiyi\nzorla\u015ft\u0131ran ekranlar, kamera kalitesi ve maliyet kullan\u0131c\u0131lar\u0131n\nmobil interneti benimsemesini zorla\u015ft\u0131r\u0131yordu (age).<\/p>\n\n\n\n<p>\nDolay\u0131s\u0131yla mobil a\u011flar\u0131n i\u00e7inde ve d\u0131\u015f\u0131nda yetersizlikler\ns\u00f6z konusuydu. Bu ba\u011flamda, ayn\u0131 d\u00f6nemde ortaya \u00e7\u0131kan HSPA\n(high speed packet access &#8211; y\u00fcksek h\u0131zl\u0131 paket eri\u015fimi) ve iPhone\nmobil ileti\u015fimde bir s\u0131\u00e7ramaya neden oldu. 3.5G olarak da\nadland\u0131r\u0131lan HSPA, daha y\u00fcksek veri oranlar\u0131 sa\u011flad\u0131. iPhone\nise kullan\u0131m\u0131 kolay aray\u00fcz\u00fc ve b\u00fcy\u00fck ekran\u0131yla internet\nkullan\u0131m\u0131n\u0131 de\u011fi\u015ftirmeye ba\u015flad\u0131. 3G&#8217;nin ilk g\u00fcnlerinde\ntelefonlar\u0131n yetersiz olmas\u0131 nedeniyle d\u00fc\u015f\u00fck veri oranlar\u0131 bir\nsorun olarak g\u00f6r\u00fclmezken ak\u0131ll\u0131 telefon kullan\u0131m\u0131 art\u0131k\u00e7a\nHSPA&#8217;n\u0131n daha y\u00fcksek h\u0131zl\u0131 a\u011flar\u0131 bile art\u0131k yetersiz kalmaya\nba\u015flad\u0131. HSPA, veri oran\u0131nda b\u00fcy\u00fck bir art\u0131\u015f sa\u011flam\u0131\u015ft\u0131\nfakat gecikme s\u00fcresi (a\u011f \u00fczerinden verinin g\u00f6nderilmesi ve\nal\u0131nmas\u0131 aras\u0131ndaki zaman) hala y\u00fcksekti. Devre ve paket\nanahtarlaman\u0131n bir arada kullan\u0131lmas\u0131 a\u011f\u0131n verimini d\u00fc\u015f\u00fcrmekte\nve y\u00f6netim maliyetini art\u0131rmaktayd\u0131 (age). \n<\/p>\n\n\n\n<p>\nBu sorunlar\u0131 a\u015fma hedefiyle geli\u015ftirilen 4G mobil a\u011flar 2008&#8217;de\nkullan\u0131ma sunuldu ve bunu 2010&#8217;da 4G LTE izledi. 4G&#8217;de devre\nanahtarlama terk edilerek tamamen paket anahtarlamaya ge\u00e7ildi. Daha\nkararl\u0131 ve veriler i\u00e7in optimize edilmi\u015f a\u011flar, mobil\nkullan\u0131c\u0131lar i\u00e7in y\u00fcksek veri oranlar\u0131 anlam\u0131na geliyordu.\nY\u00fcksek h\u0131zl\u0131 web eri\u015fimi, y\u00fcksek kalitede video ak\u0131\u015f\u0131n\u0131\nolanakl\u0131 hale getirmesinin yan\u0131nda oyun hizmetleri, HD videolar ve\nHD video konferanslar vb yeni alanlar a\u00e7t\u0131. \n<\/p>\n\n\n\n<p>\n\u00d6zetle,<\/p>\n\n\n\n<ul class=\"wp-block-list\"><li>\n\tOrtalama her on y\u0131lda bir mobil ileti\u015fimde yeni nesil bir\n\tteknoloji g\u00fcndeme geldi: 1G (1980), 2G (1990), 3G (2000), 4G\n\t(2010).\n\t<\/li><li>\n\t1G&#8217;de analog ses, 2G&#8217;de dijital ses ve mesaj, 3G&#8217;de internet\n\tba\u011flant\u0131s\u0131 ve 4G&#8217;de y\u00fcksek h\u0131zl\u0131 ba\u011flant\u0131 \u00f6n plandayd\u0131.\n\t<\/li><li>\n\t1G&#8217;de sadece toplumun varl\u0131kl\u0131 kesimi mobil ileti\u015fim olana\u011f\u0131na\n\tsahipken 2G&#8217;de mobil telefon kitleselle\u015fti. 3G, internete mobil\n\teri\u015fim ve mobil hizmetlerin kap\u0131s\u0131n\u0131 aralarken 4G geni\u015f bant\n\tinternet eri\u015fimindeki iyile\u015ftirmelerle mobil i\u015f modellerinin ve\n\tsosyal a\u011flar\u0131n geli\u015fimini sa\u011flad\u0131.\n<\/li><\/ul>\n\n\n\n<p>\nTeorik \u0130ndirme ve gecikme h\u0131z\u0131 ise a\u015fa\u011f\u0131daki gibi geli\u015fti\n(Forge ve Vu, 2020):<\/p>\n\n\n\n<figure class=\"wp-block-table\"><table class=\"\"><tbody><tr><td>\n\t\t\t<br>\n\n\t\t\t\n\t\t<\/td><td>\n\t\t\t<strong>1G<\/strong>\n\t\t<\/td><td>\n\t\t\t<strong>2G<\/strong>\n\t\t<\/td><td>\n\t\t\t<strong>3G<\/strong>\n\t\t<\/td><td>\n\t\t\t<strong>4G<\/strong>\n\t\t<\/td><\/tr><tr><td>\n\t\t\t<strong>Teorik\n\t\t\t\u0130ndirme H\u0131z\u0131<\/strong>\n\t\t<\/td><td>\n\t\t\t2kbit\/s\n\t\t<\/td><td>\n\t\t\t9.6\u2013384kbit\/s\n\t\t<\/td><td>\n\t\t\t384kbit\/s-56Mbit\/s\n\t\t<\/td><td>\n\t\t\t5Mbps-\n\t\t\t1Gbit\/s\n\t\t<\/td><\/tr><tr><td>\n\t\t\t<strong>Teorik\n\t\t\tGecikme (ms)<\/strong>\n\t\t<\/td><td>\n\t\t\t&#8211;\n\t\t<\/td><td>\n\t\t\t629\n\t\t<\/td><td>\n\t\t\t212\n\t\t<\/td><td>\n\t\t\t60-98\n\t\t<\/td><\/tr><\/tbody><\/table><\/figure>\n\n\n\n<p> \u0130lk d\u00f6rt nesle bakt\u0131\u011f\u0131m\u0131zda, s\u0131\u00e7ramalara ra\u011fmen, birbirini takip eden, bir nesildeki teknik zorluklar\u0131n, sonraki nesil teknolojide a\u015f\u0131lmaya \u00e7al\u0131\u015f\u0131ld\u0131\u011f\u0131n\u0131 g\u00f6r\u00fcyoruz. Her teknolojik geli\u015fme, yeni kullan\u0131m alanlar\u0131 yaratt\u0131; yeni kullan\u0131m alanlar\u0131, halihaz\u0131rdaki teknolojinin o ana kadar fark edilemeyen eksikliklerini ortaya \u00e7\u0131kard\u0131 ve sonraki y\u00f6neliminde etkili oldu. <\/p>\n\n\n\n<figure class=\"wp-block-image size-large\"><img loading=\"lazy\" decoding=\"async\" width=\"644\" height=\"436\" src=\"http:\/\/yarimada.gen.tr\/wp-content\/uploads\/2021\/03\/5G-644x436.png\" alt=\"BTK (2018)\" class=\"wp-image-733\" srcset=\"https:\/\/yarimada.gen.tr\/wp-content\/uploads\/2021\/03\/5G-644x436.png 644w, https:\/\/yarimada.gen.tr\/wp-content\/uploads\/2021\/03\/5G-300x203.png 300w, https:\/\/yarimada.gen.tr\/wp-content\/uploads\/2021\/03\/5G.png 755w\" sizes=\"auto, (max-width: 644px) 100vw, 644px\" \/><figcaption>BTK (2018)<\/figcaption><\/figure>\n\n\n\n<h2 class=\"wp-block-heading\">\n5G<\/h2>\n\n\n\n<p>\n5G her \u015feyden \u00f6nce daha h\u0131zl\u0131 internet demek. Ba\u011flant\u0131 h\u0131z\u0131\nartacak ve a\u011f ileti\u015fimindeki gecikme s\u00fcresi d\u00fc\u015fecek. Teorik\nindirme h\u0131z\u0131, 2 Gbit\/s\nile 20 Gbit\/s aras\u0131nda olacak\nve\nteorik gecikme s\u00fcresi 1ms&#8217;nin alt\u0131na d\u00fc\u015febilecek.\nB\u00f6ylece\n5G ile 40 GB&#8217;l\u0131k 4K UHD bir film, \u00e7ok\nk\u0131sa\nbir s\u00fcrede indirilebilecek.\nAvrupa\nParlamentosunun\n(2019) raporunda belirtildi\u011fi gibi 5G kurulumu \u00f6nceki mobil\nteknolojilerden \u00e7ok daha karma\u015f\u0131k oldu\u011fundan ve daha yo\u011fun bir\nkapsama alan\u0131 gerektirdi\u011finden 5G a\u011flar\u0131n maliyeti \u00e7ok daha\ny\u00fcksek olacak. Dolay\u0131s\u0131yla ama\u00e7 elbette ki son kullan\u0131c\u0131ya\nfilmleri\nh\u0131zl\u0131 indirme olana\u011f\u0131 sa\u011flamak de\u011fil. 5G,\n\u00f6nceki nesillerden farkl\u0131 olarak yaln\u0131z insanlar\u0131 de\u011fil\nnesneleri de birbirine ba\u011flamak \u00fczere geli\u015ftiriliyor. Tam olarak\nhareketli ve ba\u011fl\u0131 bir toplum vizyonuyla hareket ediyor.<\/p>\n\n\n\n<p>\nBu yeni nesil mobil teknoloji, iki temel gereksinimi kar\u015f\u0131layacak\n(age):<\/p>\n\n\n\n<ul class=\"wp-block-list\"><li>\n\tE\u011flence i\u00e7eri\u011fi ve sosyal a\u011flardaki canl\u0131 ak\u0131\u015flar i\u00e7in \u00e7ok\n\tb\u00fcy\u00fck hacimli verileri daha h\u0131zl\u0131 aktarabilmek\n\t<\/li><li>\n\tOyunlar ve dikey sekt\u00f6r (enerji, otomotiv, sa\u011fl\u0131k, enerji,\n\tkentle\u015fme, tar\u0131m ve e\u011flence vb sekt\u00f6rler) uygulamalar\u0131 i\u00e7in\n\tmobil a\u011flardaki yan\u0131t s\u00fcresini (veya gecikmeyi) k\u0131saltmak.\n<\/li><\/ul>\n\n\n\n<p>\nITU\n(International Telecommunication Union &#8211; Uluslararas\u0131\nTelekom\u00fcnikasyon Birli\u011fi), 5G i\u015f modellerini her biri farkl\u0131\nileti\u015fim ihtiya\u00e7lar\u0131 olan \u00fc\u00e7 kullan\u0131m durumuna ay\u0131r\u0131yor:\nGeli\u015fmi\u015f Mobil Geni\u015fbant (Enhanced or extreme mobile broadband &#8211;\n<strong>eMBB<\/strong>), A\u015f\u0131r\u0131 Fazla (masif) Makine Haberle\u015fmesi (Massive\nmachine type communication &#8211; <strong>mMTC<\/strong>) ve Ultra-G\u00fcvenilir ve \u00c7ok\nD\u00fc\u015f\u00fck Gecikmeli Haberle\u015fme (ultra-reliable low-latency\ncommunications \u2013 <strong>URLLC<\/strong>).<\/p>\n\n\n\n<p>\neMBB,\n\u00f6zellikle e\u011flence, video sosyal a\u011flar\u0131 ve \u00e7oklu ortam ileti\u015fimde\nkullan\u0131lan y\u00fcksek \u00e7\u00f6z\u00fcn\u00fcrl\u00fckl\u00fc ve \u00fc\u00e7 boyutlu videolar gibi\n\u00e7ok b\u00fcy\u00fck boyutlu verilerin y\u00fcksek h\u0131zlarda aktar\u0131lmas\u0131n\u0131\nsa\u011flayacak. Sanal ger\u00e7eklik ve art\u0131r\u0131lm\u0131\u015f ger\u00e7ekli\u011fe dayal\u0131\nuygulamalar daha \u00e7ok hayat\u0131m\u0131za girecek.<\/p>\n\n\n\n<p>\nmMTC,\nkilometre\nkare ba\u015f\u0131na y\u00fcz binlerce cihaz i\u00e7eren\ngeni\u015f alanlar\u0131\nkapsayacak. Temel yaz\u0131l\u0131m ve donan\u0131m\nbirimleri i\u00e7in ba\u011flant\u0131n\u0131n, her\nyerde, ucuz ve enerji t\u00fcketiminin az olmas\u0131n\u0131\nsa\u011flayacak. Ak\u0131ll\u0131 \u015fehirler ve evlerde \u0131\u015f\u0131kland\u0131rma\ny\u00f6netimi, \u00e7evresel izleme (\u00e7evre\nkirlili\u011fi, g\u00fcr\u00fclt\u00fc, nem, s\u0131cakl\u0131k vb)\nve trafik kontrol\u00fc i\u00e7in kullan\u0131lacak.\nGiyilebilir teknolojiler yeni\nve daha yayg\u0131n bi\u00e7imlerde kar\u015f\u0131m\u0131za\n\u00e7\u0131kabilecek.<\/p>\n\n\n\n<p>\nURLLC, ger\u00e7ek zamanl\u0131 izleme ve kontrolde,\ngecikme s\u00fcresinin d\u00fc\u015f\u00fck ve g\u00fcvenirli\u011fin y\u00fcksek olmas\u0131 gereken\ndurumlarda kullan\u0131lacak. End\u00fcstriyel\ni\u015f ak\u0131\u015flar\u0131 (\u00f6r. ak\u0131ll\u0131\nbir \u015febekede enerji da\u011f\u0131t\u0131m\u0131n\u0131n otomasyonu),\nend\u00fcstriyel s\u00fcre\u00e7\nkontrol\u00fc ve alg\u0131lay\u0131c\u0131\na\u011flar\u0131, otonom ara\u00e7lar, uzaktan ameliyat\ngibi g\u00fcvenilirlik\nve d\u00fc\u015f\u00fck gecikme s\u00fcresi a\u00e7\u0131s\u0131ndan kat\u0131 gereksinimlerin oldu\u011fu\nalanlarda kullan\u0131lacak.<\/p>\n\n\n\n<p> K\u0131sacas\u0131, \u00f6nceki nesiller \u00f6zellikle insanlar\u0131 birbirine ba\u011flarken 5G, \u015fimdiye kadar a\u011fda olmayan nesneleri de a\u011fa dahil edecek. 5G; \u00fcretim tedarik zincirleri, ta\u015f\u0131mac\u0131l\u0131k sistemleri (s\u00fcr\u00fcc\u00fcs\u00fcz arabalar), t\u0131p (uzaktan ameliyatlar), sava\u015f teknolojileri, e\u011flence sekt\u00f6r\u00fc (sanal\/art\u0131r\u0131lm\u0131\u015f ger\u00e7eklik) vb alanlardaki yeniliklerin \u00f6n\u00fcn\u00fc a\u00e7acak. 5G ile yapay zek\u00e2y\u0131 daha somut ve s\u0131radan bi\u00e7imde g\u00fcndelik hayat\u0131n i\u00e7inde g\u00f6rece\u011fiz. 5G, \u015fu an \u00f6ng\u00f6remedi\u011fimiz ve bir\u00e7ok sekt\u00f6r\u00fc etkileyebilecek b\u00fcy\u00fck bir de\u011fi\u015fim vadediyor (5G&#8217;nin d\u00fcnyam\u0131z\u0131 nas\u0131l de\u011fi\u015ftirebilece\u011fi hakk\u0131nda  bkz. <a href=\"https:\/\/www.youtube.com\/watch?v=wreyKr9Rprw\">https:\/\/www.youtube.com\/watch?v=wreyKr9Rprw<\/a>)<\/p>\n\n\n\n<figure class=\"wp-block-image size-large\"><img loading=\"lazy\" decoding=\"async\" width=\"644\" height=\"372\" src=\"http:\/\/yarimada.gen.tr\/wp-content\/uploads\/2021\/03\/5G-2-644x372.png\" alt=\"BTK (2018)\" class=\"wp-image-734\" srcset=\"https:\/\/yarimada.gen.tr\/wp-content\/uploads\/2021\/03\/5G-2-644x372.png 644w, https:\/\/yarimada.gen.tr\/wp-content\/uploads\/2021\/03\/5G-2-300x173.png 300w, https:\/\/yarimada.gen.tr\/wp-content\/uploads\/2021\/03\/5G-2-768x443.png 768w, https:\/\/yarimada.gen.tr\/wp-content\/uploads\/2021\/03\/5G-2.png 1031w\" sizes=\"auto, (max-width: 644px) 100vw, 644px\" \/><figcaption>BTK (2018)<\/figcaption><\/figure>\n\n\n\n<p>\nAncak bir\u00e7ok yeni teknolojide oldu\u011fu gibi 5G&#8217;de de ger\u00e7ekler ve\nmitleri birbirinden ay\u0131rt etmek zorla\u015f\u0131yor. Bu alandaki temel\noyunculara, \u00e7\u0131karlar\u0131na ve politikalar\u0131na bakmak yararl\u0131\nolacakt\u0131r. \u00c7\u00fcnk\u00fc 5G&#8217;nin bu vaatlerinin yan\u0131nda, ABD ve \u00c7in&#8217;in\nkar\u015f\u0131 kar\u015f\u0131ya geldi\u011fi, giderek k\u0131z\u0131\u015fan bir teknoloji sava\u015f\u0131\nda var. Ba\u015fta Avrupa \u00fclkeleri, Japonya ve Kore olmak \u00fczere di\u011fer\n\u00fclkeler bu sava\u015fta teknolojik egemenliklerini korumaya\n\u00e7al\u0131\u015f\u0131yorlar. En \u00f6nemlisi de ekipman sa\u011flay\u0131c\u0131lar\u0131n\u0131n\nanlat\u0131lar\u0131n\u0131n s\u0131n\u0131rlar\u0131 d\u0131\u015f\u0131na \u00e7\u0131kmak gerekiyor.<\/p>\n\n\n\n<h2 class=\"wp-block-heading\">5G Ekipman\nSa\u011flay\u0131c\u0131lar ve Mobil \u015eebeke Operat\u00f6rleri<\/h2>\n\n\n\n<p>\n5G d\u00fcnyas\u0131nda, her biri farkl\u0131 \u00e7\u0131kar ve vizyona sahip olan\nekipman sa\u011flay\u0131c\u0131lar, mobil \u015febeke operat\u00f6rleri, h\u00fck\u00fcmetler\ngibi oyuncular var ve 5G&#8217;nin gelece\u011fini \u015fekillendirmeye\n\u00e7al\u0131\u015f\u0131yorlar. Webb&#8217;in (2019) belirtti\u011fi gibi mobil ileti\u015fim\nde\u011fer zinciri olduk\u00e7a geni\u015f ve \u00e7ok say\u0131da \u015firketten olu\u015fuyor.\nBu zincirin en \u00f6nemli oyuncular\u0131 da Ericsson, Nokia, Siemens,\nHuawei, Samsung gibi \u00fcreticiler. Onlar\u0131n yan\u0131nda yaz\u0131l\u0131m,\nhizmet, test cihaz\u0131 vb sa\u011flayan \u015firketler var. \n<\/p>\n\n\n\n<p>\n5G ile mobil a\u011f cihaz\u0131 pazar\u0131ndaki g\u00fc\u00e7 dengeleri de de\u011fi\u015fti.\n\u0130lk d\u00f6rt nesil, Ericsson, Nokia, Alcatel, Qualcomm, Lucent ve\nMotorola gibi Avrupal\u0131 ve ABD&#8217;li \u015firketlerin liderli\u011finde\ngeli\u015ftirilmi\u015fti. Ancak 2000&#8217;li y\u0131llarda bu \u015firketlerin \u00e7o\u011fu\nzay\u0131flad\u0131; Nokia, Alcatel ve Lucent gibi \u015firketler par\u00e7aland\u0131\nveya ba\u015fka \u015firketlerle birle\u015fti. B\u00f6ylece ara\u015ft\u0131rma geli\u015ftirme\nyetenekleri zay\u0131flam\u0131\u015f akt\u00f6rler haline geldiler. Art\u0131k tek\nba\u015flar\u0131na k\u00fcresel standartlara y\u00f6n verebilecek g\u00fc\u00e7te de\u011filler.\nOnlar\u0131n yerini Asya-Pasifik \u015firketleri ald\u0131. 2010&#8217;lu y\u0131llarda bu\n\u015firketler yeni nesil teknolojileri tan\u0131mlamada ve gerekli ara\u015ft\u0131rma\nve standartlar\u0131 sa\u011flamada etkili olmaya ba\u015flad\u0131lar.<\/p>\n\n\n\n<p>\nBa\u015fta Ericsson ve Samsung olmak \u00fczere ekipman sa\u011flay\u0131c\u0131\n\u015firketler 5G teknolojisinin en ate\u015fli savunucular\u0131. S\u0131k s\u0131k, son\nprototiplerinin ne kadar ba\u015far\u0131l\u0131 oldu\u011funu anlatan bas\u0131n\nb\u00fcltenleri yay\u0131ml\u0131yorlar; tan\u0131t\u0131m yaz\u0131lar\u0131nda, 5G&#8217;nin\ng\u00fcn\u00fcm\u00fczdeki ba\u011flant\u0131 sorunlar\u0131n\u0131 \u00e7\u00f6zece\u011fini ve tam\nba\u011flant\u0131l\u0131l\u0131k sa\u011flayaca\u011f\u0131n\u0131 savunuyorlar. 3GPP (3rd\nGeneration Partnership Project &#8211; telekom\u00fcnikasyon \u015firketleri\naras\u0131ndaki \u00fc\u00e7\u00fcnc\u00fc nesil mobil ileti\u015fim ortakl\u0131k projesi)\ntoplant\u0131lar\u0131na kat\u0131larak ve akademiye yapt\u0131klar\u0131 yat\u0131r\u0131mlarla\nstandartlar\u0131n olu\u015fturulmas\u0131nda etkili oluyorlar.<\/p>\n\n\n\n<p>\nHer yeni nesil mobil teknoloji, \u00fcreticiler i\u00e7in yeni cihazlar\nsatabilme olana\u011f\u0131 anlam\u0131na geliyor. Bir nesil olgunla\u015ft\u0131k\u00e7a\ns\u00fcr\u00fcm y\u00fckseltmeler daha nadir olmaya ba\u015fl\u0131yor. Dolay\u0131s\u0131yla on\ny\u0131ll\u0131k d\u00f6ng\u00fclere ba\u011f\u0131ml\u0131lar ve g\u00fcn\u00fcm\u00fczde de mevcut finansal\nsorunlar\u0131n\u0131 a\u015fabilmek i\u00e7in 5G&#8217;ye g\u00fcveniyorlar. Gelecekleri\nneredeyse 5G&#8217;nin ba\u015far\u0131s\u0131na ba\u011fl\u0131 oldu\u011fundan halkla ili\u015fkilere\nb\u00fcy\u00fck \u00f6nem veriyorlar. Ayr\u0131ca 4G d\u00f6neminde, di\u011fer \u015firketleri\nizlemekle yetinen Huawei ve Samsung&#8217;un 5G&#8217;de \u00e7ok daha iddial\u0131\nhareket etmeleri, sekt\u00f6rdeki rekabeti k\u0131z\u0131\u015ft\u0131r\u0131yor. \n<\/p>\n\n\n\n<p>\nAncak mobil \u015febeke operat\u00f6rlerinin 5G&#8217;nin geli\u015finden memnun\nolduklar\u0131 s\u00f6ylenemez. \u00c7\u00fcnk\u00fc 5G g\u00fcndeme geldi\u011finde ikilemde\nkald\u0131lar: Bir yandan gelece\u011fi belirsiz, yeni bir teknolojiye\nyat\u0131r\u0131m yapmak istemiyorlard\u0131 (zaten oturmu\u015f bir i\u015f modelleri ve\naboneleri vard\u0131) di\u011fer yandan rakiplerinin 5G&#8217;ye yat\u0131r\u0131m yapmas\u0131\ndurumunda abone kaybetmekten korkuyorlard\u0131. D\u00fczenleyici kurumlardan\nda \u00e7ekiniyorlard\u0131. \u0130\u015fbirli\u011fine gitmemeleri durumunda gelece\u011fin\nkablosuz teknolojisine kar\u015f\u0131 zorluk \u00e7\u0131karan oyuncular olarak\ng\u00f6r\u00fclecekler ve sekt\u00f6rdeki sayg\u0131nl\u0131klar\u0131 bundan zarar g\u00f6recekti\n. Bu nedenle 2017 sonuna kadar \u0131l\u0131ml\u0131 g\u00f6r\u00fcnmeyi tercih ettiler.\n5G inisiyatifleriyle ortakl\u0131klar kurdular ve \u00fcreticilerle\ni\u015fbirli\u011fine giderek t\u00fcketicilere 5G i\u00e7in haz\u0131r olduklar\u0131n\u0131\ng\u00f6stermeye \u00e7al\u0131\u015ft\u0131lar. 5G teknolojisinin hen\u00fcz test edildi\u011fi\nbu a\u015famada 5G&#8217;yi desteklemenin \u015febeke operat\u00f6rleri i\u00e7in b\u00fcy\u00fck\nbir riski yoktu. Bir ka\u00e7 deneme yapmalar\u0131 ve baz\u0131 uluslararas\u0131\ntoplant\u0131lara kat\u0131lmalar\u0131 yeterli oluyordu. Sonu\u00e7ta yeni cihaz\nsipari\u015fi vermek zorunda de\u011fillerdi.<\/p>\n\n\n\n<p>\n2017 Kas\u0131m&#8217;\u0131nda ise mobil \u015febeke operat\u00f6rlerinin 5G&#8217;ye\nyakla\u015f\u0131m\u0131nda ani bir de\u011fi\u015fiklik oldu ve 5G&#8217;ye daha ele\u015ftirel\nyakla\u015fmaya ba\u015flad\u0131lar. Huawei&#8217;nin d\u00fczenledi\u011fi bir konferansta\nVodafone&#8217;un CTO&#8217;su 5G&#8217;nin en temel yarar\u0131n\u0131n kapasitedeki ilerleme\noldu\u011funu ve end\u00fcstrinin yeni kullan\u0131m alanlar\u0131 yerine buna\nyo\u011funla\u015fmas\u0131 gerekti\u011fini s\u00f6yledi. Konferans\u0131n bir di\u011fer\nkat\u0131l\u0131mc\u0131s\u0131 BT&#8217;nin CEO&#8217;su ise 5G i\u00e7in bir i\u015f alan\u0131\ng\u00f6remedi\u011fini, d\u00fcnyan\u0131n farkl\u0131 yerlerinden ki\u015filerle de\ng\u00f6r\u00fc\u015ft\u00fc\u011f\u00fcn\u00fc ve onlar\u0131n da g\u00f6remedi\u011fini belirtti. Bu\nkonferanstan sonra mobil \u015febeke operat\u00f6rlerinin 5G&#8217;ye ele\u015ftirel\nyakla\u015f\u0131mlar\u0131 daha organize bi\u00e7imde devam etti. 5G mitini\nele\u015ftiren \u00e7al\u0131\u015fmalar\u0131n say\u0131s\u0131 artt\u0131. Baz\u0131 mobil \u015febeke\noperat\u00f6rleri ele\u015ftirilerini kamuoyuyla payla\u015f\u0131rken baz\u0131lar\u0131\ntemkinli davranmaya devam ettiler. Temkinli davranmak da gerekiyordu.\nEkipman sa\u011flay\u0131c\u0131lar ve mobil \u015febeke operat\u00f6rlerinin \u00e7\u0131karlar\u0131\n\u00e7at\u0131\u015f\u0131rken 5G art\u0131k jeopoliti\u011fin bir konusu haline gelmi\u015fti.\nH\u00fck\u00fcmetler 5G&#8217;yi ulusal g\u00fcvenlik ve ekonomik ba\u011f\u0131ms\u0131zl\u0131k\nba\u011flam\u0131nda ele al\u0131yordu.<\/p>\n\n\n\n<h2 class=\"wp-block-heading\">K\u0131sa Bir\nYar\u0131\u015f Yok<\/h2>\n\n\n\n<p>\nH\u00fck\u00fcmetler, 5G&#8217;yi destekliyorlar; 5G&#8217;yi ulusal g\u00fcvenlik ve\nkalk\u0131nmalar\u0131 i\u00e7in \u00f6nemli bir teknoloji olarak g\u00f6rmelerinin\nyan\u0131nda 5G&#8217;nin kendi ulusal \u015firketlerine avantaj sa\u011flayaca\u011f\u0131n\u0131\nd\u00fc\u015f\u00fcn\u00fcyorlar. 5G&#8217;nin verimlili\u011fi art\u0131raca\u011f\u0131na inan\u0131yorlar.\nBu nedenle, daha fazla ba\u011flan\u0131rl\u0131k olarak alg\u0131lad\u0131klar\u0131 5G&#8217;yi\nbir f\u0131rsat olarak g\u00f6r\u00fcyor ve geride kalmak istemiyorlar.\nH\u00fck\u00fcmetler 5G&#8217;yi, ara\u015ft\u0131rmalara sponsor olarak veya test olana\u011f\u0131\nsa\u011flayarak destekliyorlar. Kimisi G\u00fcney Kore&#8217;nin k\u0131\u015f\nolimpiyatlar\u0131nda yapt\u0131\u011f\u0131 gibi spor etkinliklerini end\u00fcstriyel\ng\u00fcc\u00fcn\u00fc g\u00f6stermek i\u00e7in kullanabiliyor. \u00dclkelerin d\u00fczenleyici\nkurumlar\u0131, 5G i\u00e7in spektrum sa\u011flamada her zamankinden daha h\u0131zl\u0131\nhareket ediyorlar.<\/p>\n\n\n\n<p>\nMobil \u015febeke operat\u00f6rleri ile kar\u015f\u0131la\u015ft\u0131r\u0131ld\u0131\u011f\u0131nda 5G&#8217;nin\nh\u00fck\u00fcmetlere maliyeti daha d\u00fc\u015f\u00fck ve politik potansiyeli y\u00fcksek.\nBu nedenle, mobil \u015febeke operat\u00f6rleri gibi 5G vizyonunun kar\u015f\u0131s\u0131nda\ndurmak \u00e7\u0131karlar\u0131na uygun de\u011fil. Fakat daha \u00f6nce belirtti\u011fim\nyat\u0131r\u0131m maliyetleri b\u00fcy\u00fck bir sorun. 3G&#8217;nin devam\u0131 olan 4G&#8217;den\nfarkl\u0131 olarak 5G, yat\u0131r\u0131m stratejisinde ve kurulumda k\u00f6kl\u00fc\nde\u011fi\u015fikliklere gerek duyuyor. \u00d6n yat\u0131r\u0131m maliyetleri \u00e7ok daha\ny\u00fcksek ve yeni kullan\u0131m alanlar\u0131n\u0131n ticarile\u015ftirilmesinde\nbelirsizlikler var. Avrupa ve Asya&#8217;da bu sorun devlet deste\u011fi ile\n\u00e7\u00f6z\u00fclmeye \u00e7al\u0131\u015f\u0131l\u0131yor. ABD&#8217;de de FCC, 5G&#8217;yi kullan\u0131ma\nsunmay\u0131 destekleyen bir d\u00fczenleme yay\u0131mlad\u0131. Ancak h\u00fck\u00fcmetlerin\ndestek ve m\u00fcdahalelerine ra\u011fmen \u00f6zel sekt\u00f6r (\u00f6zellikle d\u00fc\u015f\u00fck\nve orta gelirli \u00fclkelerde) teknoloji ve i\u015f modelleri kan\u0131tlanmam\u0131\u015f,\nkarma\u015f\u0131k ve bu nedenle risk de\u011ferlendirmesi kesin olmayan bu yeni\nteknolojiye kar\u015f\u0131 isteksiz duruyor. Nitekim \u00f6nceki nesil mobil\nteknolojilerde yerel ve uluslararas\u0131 gruplar kendini ispat etmi\u015f\nbir i\u015fe ve yerle\u015fik bir teknolojiye yat\u0131r\u0131m yaparken \u00e7ok daha\nistekliydi (Forge ve Vu, 2020).<\/p>\n\n\n\n<p>\nS\u00fcrekli bir yar\u0131\u015f vurgusu, &#8220;ge\u00e7 kalmayal\u0131m&#8221; tela\u015f\u0131\nolmas\u0131na ra\u011fmen 5G&#8217;nin geli\u015fme s\u00fcreci di\u011ferlerinden daha uzun\ns\u00fcrecek. Bu nedenle \u00c7in, tam anlam\u0131yla \u00e7al\u0131\u015fan 5G&#8217;yi en az\u0131ndan\n10 y\u0131ll\u0131k bir program \u00e7er\u00e7evesinde de\u011ferlendiriyor. Ayr\u0131ca\n5G&#8217;nin i\u00e7erdi\u011fi teknolojilerin \u00e7ok daha karma\u015f\u0131k olmas\u0131\nbelirsizlikleri art\u0131r\u0131yor. \u00d6rne\u011fin yaz\u0131n\u0131n ba\u015f\u0131ndaki\nkayg\u0131lardan da g\u00f6r\u00fclebilece\u011fi gibi insanlar\u0131n kabul edilemez\nseviyelerde elektromanyetik radyasyona maruz kalmas\u0131na neden\nolabilecek \u00f6ng\u00f6r\u00fclemeyen yay\u0131lma modelleri hakk\u0131ndaki bilgimiz\ns\u0131n\u0131rl\u0131. H\u00e2l\u00e2\nyan\u0131t veremedi\u011fimiz\nsorular var: 5G ger\u00e7ekte ne i\u00e7in kullan\u0131lacak, g\u00fcvenli mi, para\nharcamaya veya bunun i\u00e7in haz\u0131rl\u0131k yapmaya de\u011fer mi?<\/p>\n\n\n\n<p>\nT\u00fcm bu belirsizli\u011fe ra\u011fmen \u201cge\u00e7 kalmama\u201d tela\u015f\u0131 h\u00fck\u00fcmetleri\nbir an \u00f6nce 5G a\u011flar\u0131n\u0131 konu\u015fland\u0131rmaya itiyor. ABD, \u00c7in,\nJaponya, Kore, Singapur, Tayvan ve AB&#8217;de \u00e7e\u015fitli denemeler\nyap\u0131l\u0131yor. Fakat nas\u0131l ki herhangi bir bilgisayar teknolojisini\nkullanmak tek ba\u015f\u0131na yeterli de\u011filse ve \u00fcretim potansiyeli\nolmadan d\u0131\u015fa ba\u011f\u0131ml\u0131l\u0131k ka\u00e7\u0131n\u0131lmazsa 5G i\u00e7in de ayn\u0131 durum\nge\u00e7erli. Bu nedenle, Avrupa Parlamentosunun (2019) raporundaki\ns\u0131n\u0131fland\u0131rman\u0131n \u00f6nemli oldu\u011funu d\u00fc\u015f\u00fcn\u00fcyorum: kullan\u0131c\u0131\n\u00fclkeler, \u00fcretici \u00fclkeler ve hem kullan\u0131c\u0131 hem de \u00fcretici olan\n\u00fclkeler.<\/p>\n\n\n\n<p>\nKullan\u0131c\u0131 \u00fclkeler, b\u00fcy\u00fck \u00f6l\u00e7\u00fcde ba\u015fka yerlerden gelen\nteknolojileri t\u00fcketiyorlar. A\u011f\u0131rl\u0131kl\u0131 olarak odak noktalar\u0131,\nd\u00fc\u015f\u00fck maliyetli geni\u015f bant hizmetleri \u00fczerine. Kullan\u0131c\u0131\n\u00fclkelerin temel motivasyonu sanayi politikas\u0131 kapsam\u0131nda di\u011fer\nend\u00fcstrilerini 5G ile g\u00fc\u00e7lendirmek olabiliyor. Ya da bazen ulusal\noperat\u00f6rlerin ticari d\u00fcrt\u00fcleriyle hareket ediliyor. \u00d6rne\u011fin\nSingapur bu tip \u00fclkelerden biri.<\/p>\n\n\n\n<p>\n\u00dcretici\n\u00fclkeler ise yar\u0131 iletken bile\u015fenler, ekipman ve yaz\u0131l\u0131m gibi 5G\n\u00fcr\u00fcnlerin k\u00fcresel sat\u0131\u015f\u0131na odaklan\u0131yorlar. Ulusal 5G a\u011flar\u0131n\u0131n\nkonu\u015fland\u0131r\u0131lmas\u0131\nise \u00fcr\u00fcnleri k\u00fcresel rekabete kar\u015f\u0131 test etmek i\u00e7in erken bir\nkan\u0131tlama alan\u0131 olarak ulusal sanayi politikas\u0131 taraf\u0131ndan\ny\u00f6nlendiriliyor. G\u00fcney Kore ve Tayvan, \u00fcretici y\u00f6nleriyle \u00f6ne\n\u00e7\u0131kan \u00fclkeler.<\/p>\n\n\n\n<p>\nHem \u00fcretici hem de t\u00fcketici olan\n\u00fclkeler ise hem d\u00fcnya \u00e7ap\u0131nda sat\u0131\u015f i\u00e7in a\u011f cihazlar\u0131 ve\nyonga setleri geli\u015ftiriyor hem de teknolojiyi yerel geni\u015f bant\nhizmetleri i\u00e7in kullanmaya \u00e7al\u0131\u015f\u0131yor. \u00c7in, ABD, AB ve\nJaponya bu s\u0131n\u0131fta\nyer al\u0131yor.<\/p>\n\n\n\n<p>\nBu ba\u011flamda, &#8220;Yerli 5G\nteknolojisi altyap\u0131s\u0131 kurmadan 5G&#8217;ye ge\u00e7meyece\u011fiz. Bakanl\u0131k\nolarak bizler de t\u00fcm politika ve stratejilerimizi buna g\u00f6re\n\u015fekillendiriyoruz.&#8221; diyen Ula\u015ft\u0131rma ve Altyap\u0131 Bakan\u0131\nKaraismailo\u011flu&#8217;nun yakla\u015f\u0131m\u0131 \u00f6nemli. Bir \u00fclkenin \u00fcretici\npotansiyelini geli\u015ftirmeden veya sanayisini geli\u015ftirecek i\u015f\nmodellerini planlamadan ataca\u011f\u0131 bir ad\u0131m ba\u011f\u0131ml\u0131l\u0131k\nili\u015fkilerini daha da g\u00fc\u00e7lendirecektir. Fakat\nParcu, Innocenti ve Carrozza&#8217;nin (2020) tart\u0131\u015ft\u0131\u011f\u0131\ngibi 5G&#8217;yi geli\u015ftirmek i\u00e7in ihtiya\u00e7 duyulan teknolojiler ve\nuzmanl\u0131klar, d\u00fcnya \u00e7ap\u0131nda giderek artan bir \u015fekilde birka\u00e7\n\u00fclkenin elinde toplan\u0131yor. Bu\nuzmanl\u0131klar\u0131 elinde bulunduran \u00fclkeler\nve onlar\u0131 takip edenler aras\u0131nda g\u00fc\u00e7l\u00fc ve her\nge\u00e7en g\u00fcn b\u00fcy\u00fcyen\nbir u\u00e7urum var. 5G\npatentlerin ABD, \u00c7in, G\u00fcney Kore, Japonya ve baz\u0131 AB \u00fclkelerinde\ntopland\u0131\u011f\u0131n\u0131 d\u00fc\u015f\u00fcn\u00fcrsek bizim 5G kullan\u0131c\u0131s\u0131 \u00fclkeler\nd\u0131\u015f\u0131nda bir s\u0131n\u0131fta yer alabilmemiz olduk\u00e7a zor g\u00f6r\u00fcn\u00fcyor.<\/p>\n\n\n\n<p>\nAsya \u00fclkelerinde,\nh\u00fck\u00fcmet m\u00fcdahalesi hem \u00fcretim hem de t\u00fcketim a\u00e7\u0131s\u0131ndan\nbelirleyici durumda. H\u00fck\u00fcmetlerin sanayi politikalar\u0131 ulusal\n\u00fcreticileri y\u00f6nlendiriyor. H\u00fck\u00fcmetler ve ekipman\nsa\u011flay\u0131c\u0131lar, mobil \u015febeke operat\u00f6rlerinin kararlar\u0131nda etkili\noluyor. ABD&#8217;de ise bu ili\u015fki tersten kuruluyor. Ekipman\nsa\u011flay\u0131c\u0131lar\n\u015febeke operat\u00f6rlerinin kararlar\u0131nda etkili olurken, h\u00fck\u00fcmet\nkararlar\u0131nda, cihaz \u00fcreticileri ve \u015febeke operat\u00f6rlerinin\netkisi\nvar.\nAvrupa&#8217;da da ekipman sa\u011flay\u0131c\u0131lar\u0131n h\u00fck\u00fcmetler ve \u015febeke\noperat\u00f6rleri \u00fczerinde etkisi var. Operat\u00f6rler de fon almak\ni\u00e7in h\u00fck\u00fcmetlerin kap\u0131s\u0131n\u0131 \u00e7al\u0131yorlar (Avrupa\nParlamentosu, 2019).\n\n<\/p>\n\n\n\n<p>\nS\u00f6z konusu\n\u00fclkelerdeki deneyimler \u00f6nemli olmakla beraber 5G teknolojileri\nhakk\u0131nda uzmanl\u0131\u011f\u0131 zay\u0131f, d\u00fc\u015f\u00fck\ngelirli ve orta gelirli \u00fclkeler i\u00e7in 5G a\u011flar\u0131n\u0131 konu\u015fland\u0131rma\ns\u00fcreci ve d\u00fczeni, geli\u015ftirilebilecek i\u015f modelleri ister istemez\nfarkl\u0131 olacak.\n5G\na\u011flar, bir \u00e7ok alan ve sekt\u00f6rde \u00e7e\u015fitli fakat bug\u00fcn tam\n\u00f6ng\u00f6r\u00fclemeyen de\u011fi\u015fimleri tetikleyecek.\nBuna\nkar\u015f\u0131n,\n5G&#8217;nin\ngelece\u011fi hakk\u0131ndaki belirsizliklerin h\u00e2l\u00e2 \u00e7ok fazla oldu\u011fu\nko\u015fullarda ekipman sa\u011flay\u0131c\u0131lar\u0131n dolduru\u015funa gelmemek ve\nolabildi\u011fince teknolojik ba\u011f\u0131ms\u0131zl\u0131\u011f\u0131 temel alan bir\nstratejiyle (ve\nger\u00e7ek\u00e7i bi\u00e7imde!) hareket\netmek gerekiyor. 5G&#8217;yi,\na\u011flar\u0131 konu\u015fland\u0131r\u0131nca bitecek k\u0131sa bir yar\u0131\u015f olarak de\u011fil\ngeli\u015ftirilmesi uzun y\u0131llar alacak bir proje olarak g\u00f6rmek daha\ndo\u011fru bir yakla\u015f\u0131m olacak.\n\n<\/p>\n\n\n\n<h3 class=\"wp-block-heading\">Kaynaklar:<\/h3>\n\n\n\n<p>\nAvrupa Parlamentosu. (2019). 5G deployment, state of play in Europe,\nUSA and Asia. ITRE Committee. PE 631.060, April 2019<\/p>\n\n\n\n<p>\nBTK &#8211; Bilgi Teknolojileri ve \u0130leti\u015fim Kurumu, (2018). 5G ve Di\u0307key\nSekt\u00f6rler Raporu,\n<a href=\"https:\/\/www.btk.gov.tr\/uploads\/announcements\/5g-ve-dikey-sektorler-raporu-yayimlandi\/20180308-5gvedikeysektorlerraporu.pdf\">https:\/\/www.btk.gov.tr\/uploads\/announcements\/5g-ve-dikey-sektorler-raporu-yayimlandi\/20180308-5gvedikeysektorlerraporu.pdf<\/a>,\nson eri\u015fim 20.12.2020<\/p>\n\n\n\n<p>\nForge, S. ve Vu, K. (2020). Forming a 5G strategy for developing\ncountries: A note for policy makers. Telecommunications Policy,\n44(7), 101975.<\/p>\n\n\n\n<p>\nParcu, P. L., Innocenti, N., ve Carrozza, C. (2020). Ubiquitous\ntechnologies and 5G development. Who owns the rarest technologies?.\nWho Owns the Rarest Technologies.<\/p>\n\n\n\n<p>\nSturm, T. ve Albrecht, T. (2020). Constituent Covid-19 apocalypses:\ncontagious conspiracism, 5G, and viral vaccinations. Anthropology &amp;\nMedicine, 1-18.<\/p>\n\n\n\n<p>\nTiffany, K. (2020). Something in the Air,\n<a href=\"https:\/\/www.theatlantic.com\/technology\/archive\/2020\/05\/great-5g-conspiracy\/611317\/\">https:\/\/www.theatlantic.com\/technology\/archive\/2020\/05\/great-5g-conspiracy\/611317\/<\/a>,\nson eri\u015fim 20.12.2020<\/p>\n\n\n\n<p>\nWebb, W. (2019). The 5G Myth: When vision decoupled from reality.\nDe-G Press.<\/p>\n","protected":false},"excerpt":{"rendered":"<p>Yeni teknolojilere \u00e7e\u015fitli mitlerin e\u015flik etmesi; s\u00f6z konusu teknolojilerin umutlar\u0131 ve korkular\u0131 beslemesi ola\u011fan bir durum. En son internetin geli\u015fiminde g\u00f6rd\u00fc\u011f\u00fcm\u00fcz gibi bir s\u00fcre sonra<\/p>\n","protected":false},"author":1,"featured_media":0,"comment_status":"open","ping_status":"open","sticky":false,"template":"","format":"standard","meta":{"footnotes":""},"categories":[365,82,26,13,25,298],"tags":[396,193,194,369,393],"class_list":["post-732","post","type-post","status-publish","format-standard","hentry","category-akilli-sehirler","category-cevre","category-e-devlet","category-fikri-mulkiyet","category-gozetim","category-yapay-zeka","tag-5g","tag-abd","tag-cin","tag-covid-19","tag-huawei"],"_links":{"self":[{"href":"https:\/\/yarimada.gen.tr\/index.php?rest_route=\/wp\/v2\/posts\/732","targetHints":{"allow":["GET"]}}],"collection":[{"href":"https:\/\/yarimada.gen.tr\/index.php?rest_route=\/wp\/v2\/posts"}],"about":[{"href":"https:\/\/yarimada.gen.tr\/index.php?rest_route=\/wp\/v2\/types\/post"}],"author":[{"embeddable":true,"href":"https:\/\/yarimada.gen.tr\/index.php?rest_route=\/wp\/v2\/users\/1"}],"replies":[{"embeddable":true,"href":"https:\/\/yarimada.gen.tr\/index.php?rest_route=%2Fwp%2Fv2%2Fcomments&post=732"}],"version-history":[{"count":2,"href":"https:\/\/yarimada.gen.tr\/index.php?rest_route=\/wp\/v2\/posts\/732\/revisions"}],"predecessor-version":[{"id":736,"href":"https:\/\/yarimada.gen.tr\/index.php?rest_route=\/wp\/v2\/posts\/732\/revisions\/736"}],"wp:attachment":[{"href":"https:\/\/yarimada.gen.tr\/index.php?rest_route=%2Fwp%2Fv2%2Fmedia&parent=732"}],"wp:term":[{"taxonomy":"category","embeddable":true,"href":"https:\/\/yarimada.gen.tr\/index.php?rest_route=%2Fwp%2Fv2%2Fcategories&post=732"},{"taxonomy":"post_tag","embeddable":true,"href":"https:\/\/yarimada.gen.tr\/index.php?rest_route=%2Fwp%2Fv2%2Ftags&post=732"}],"curies":[{"name":"wp","href":"https:\/\/api.w.org\/{rel}","templated":true}]}}